{"id":291127,"date":"2026-09-04T07:55:12","date_gmt":"2026-09-04T07:55:12","guid":{"rendered":"https:\/\/www.europesays.com\/ch-fr\/291127\/"},"modified":"2026-09-04T07:55:12","modified_gmt":"2026-09-04T07:55:12","slug":"champions-hockey-league-geneve-servette-face-au-champion-dallemagne-pour-lancer-sa-campagne-europeenne","status":"publish","type":"post","link":"https:\/\/www.europesays.com\/ch-fr\/291127\/","title":{"rendered":"CHAMPIONS HOCKEY LEAGUE &#8211; Gen\u00e8ve-Servette face au champion d\u2019Allemagne pour lancer sa campagne europ\u00e9enne"},"content":{"rendered":"<p class=\"wp-block-paragraph\">La Champions Hockey League est de retour aux Vernets. Ce vendredi soir, Gen\u00e8ve-Servette lancera sa campagne europ\u00e9enne 2026\/27 avec une affiche d\u00e9j\u00e0 particuli\u00e8rement relev\u00e9e face aux Eisb\u00e4ren Berlin, champions d\u2019Allemagne en titre. Pour les Grenat, ce premier rendez-vous europ\u00e9en aura une saveur particuli\u00e8re. Le club genevois poss\u00e8de d\u00e9sormais une solide exp\u00e9rience sur la sc\u00e8ne continentale, lui qui avait marqu\u00e9 l\u2019histoire du hockey suisse en remportant la Champions Hockey League en 2024. Gen\u00e8ve-Servette retrouve donc une comp\u00e9tition qu\u2019il conna\u00eet bien, mais avec l\u2019ambition de se mesurer imm\u00e9diatement \u00e0 l\u2019un des adversaires les plus prestigieux de cette phase r\u00e9guli\u00e8re.<\/p>\n<p class=\"wp-block-paragraph\">En face, les Eisb\u00e4ren Berlin d\u00e9barquent aux Vernets avec le statut de triple champion d\u2019Allemagne en titre. Si les Berlinois avaient termin\u00e9 la derni\u00e8re saison r\u00e9guli\u00e8re de DEL \u00e0 la sixi\u00e8me place, ils avaient une nouvelle fois su \u00e9lever leur niveau au moment d\u00e9cisif pour aller chercher un nouveau sacre national. Le club de la capitale allemande reste ainsi l\u2019une des r\u00e9f\u00e9rences du hockey allemand et europ\u00e9en. Du c\u00f4t\u00e9 allemand, cette rencontre marque \u00e9galement le v\u00e9ritable d\u00e9but de la nouvelle saison. Les Eisb\u00e4ren ont conclu leur pr\u00e9paration par une victoire 3-1 contre les Lausitzer F\u00fcchse, avec notamment des r\u00e9ussites de Yannick Veilleux, Ty Ronning et Jonas M\u00fcller. Cette r\u00e9p\u00e9tition g\u00e9n\u00e9rale a toutefois montr\u00e9 une \u00e9quipe encore en construction, notamment dans sa capacit\u00e9 \u00e0 se cr\u00e9er des occasions nettes face \u00e0 une d\u00e9fense regroup\u00e9e.<\/p>\n<p class=\"wp-block-paragraph\">Le nouvel entra\u00eeneur berlinois \u00c9ric Dubois s\u2019attend d\u2019ailleurs \u00e0 un tout autre d\u00e9fi \u00e0 Gen\u00e8ve. Le technicien a particuli\u00e8rement insist\u00e9 sur la vitesse du jeu suisse et sur la n\u00e9cessit\u00e9 pour son \u00e9quipe d\u2019\u00eatre capable de basculer rapidement entre les phases d\u00e9fensives et offensives. Berlin devra en outre composer avec quelques incertitudes dans son effectif, tandis que la concurrence reste ouverte dans les buts entre les nouveaux arrivants Jack LaFontaine et Jonas Neffin. Plusieurs joueurs importants sont \u00e9galement annonc\u00e9s comme incertains ou bless\u00e9s pour ce d\u00e9placement en Suisse. Les Genevois auront donc l\u2019occasion de tester imm\u00e9diatement leurs ambitions face \u00e0 une formation habitu\u00e9e aux grandes \u00e9ch\u00e9ances. Les Eisb\u00e4ren n\u2019ont jamais remport\u00e9 la Champions Hockey League et leur nouvel entra\u00eeneur n\u2019a pas cach\u00e9 son envie de faire de cette comp\u00e9tition un v\u00e9ritable objectif. \u00ab Pourquoi pas ? \u00bb, a ainsi lanc\u00e9 Dubois \u00e0 propos des chances de son \u00e9quipe de jouer le titre europ\u00e9en.<\/p>\n<p class=\"wp-block-paragraph\">Pour Gen\u00e8ve-Servette, les Vernets devront une nouvelle fois jouer leur r\u00f4le. Les Grenat accueillent ce premier adversaire de prestige \u00e0 domicile avant d\u2019encha\u00eener dimanche avec la r\u00e9ception des champions de Norv\u00e8ge de Storhamar Hamar. Le programme europ\u00e9en ne laissera donc gu\u00e8re de temps pour s\u2019installer. Le d\u00e9cor est ainsi pos\u00e9 : d\u2019un c\u00f4t\u00e9, un ancien vainqueur de la CHL qui veut retrouver les sommets europ\u00e9ens, de l\u2019autre, le champion d\u2019Allemagne, habitu\u00e9 \u00e0 gagner sur la sc\u00e8ne nationale et d\u00e9sireux d\u2019ajouter enfin une ligne continentale \u00e0 son palmar\u00e8s. <\/p>\n","protected":false},"excerpt":{"rendered":"La Champions Hockey League est de retour aux Vernets. Ce vendredi soir, Gen\u00e8ve-Servette lancera sa campagne europ\u00e9enne 2026\/27&hellip;\n","protected":false},"author":2,"featured_media":291128,"comment_status":"","ping_status":"","sticky":false,"template":"","format":"standard","meta":{"footnotes":"","_share_on_mastodon":"0"},"categories":[17],"tags":[21233,24680,170,169,2413,23],"class_list":["post-291127","post","type-post","status-publish","format-standard","has-post-thumbnail","category-geneve","tag-berlin","tag-chl","tag-geneva","tag-geneve","tag-presentation","tag-suisse"],"share_on_mastodon":{"url":"https:\/\/pubeurope.com\/@ch_fr\/117211701084990237","error":""},"_links":{"self":[{"href":"https:\/\/www.europesays.com\/ch-fr\/wp-json\/wp\/v2\/posts\/291127","targetHints":{"allow":["GET"]}}],"collection":[{"href":"https:\/\/www.europesays.com\/ch-fr\/wp-json\/wp\/v2\/posts"}],"about":[{"href":"https:\/\/www.europesays.com\/ch-fr\/wp-json\/wp\/v2\/types\/post"}],"author":[{"embeddable":true,"href":"https:\/\/www.europesays.com\/ch-fr\/wp-json\/wp\/v2\/users\/2"}],"replies":[{"embeddable":true,"href":"https:\/\/www.europesays.com\/ch-fr\/wp-json\/wp\/v2\/comments?post=291127"}],"version-history":[{"count":0,"href":"https:\/\/www.europesays.com\/ch-fr\/wp-json\/wp\/v2\/posts\/291127\/revisions"}],"wp:featuredmedia":[{"embeddable":true,"href":"https:\/\/www.europesays.com\/ch-fr\/wp-json\/wp\/v2\/media\/291128"}],"wp:attachment":[{"href":"https:\/\/www.europesays.com\/ch-fr\/wp-json\/wp\/v2\/media?parent=291127"}],"wp:term":[{"taxonomy":"category","embeddable":true,"href":"https:\/\/www.europesays.com\/ch-fr\/wp-json\/wp\/v2\/categories?post=291127"},{"taxonomy":"post_tag","embeddable":true,"href":"https:\/\/www.europesays.com\/ch-fr\/wp-json\/wp\/v2\/tags?post=291127"}],"curies":[{"name":"wp","href":"https:\/\/api.w.org\/{rel}","templated":true}]}}