{"id":291129,"date":"2026-09-04T07:57:07","date_gmt":"2026-09-04T07:57:07","guid":{"rendered":"https:\/\/www.europesays.com\/ch-fr\/291129\/"},"modified":"2026-09-04T07:57:07","modified_gmt":"2026-09-04T07:57:07","slug":"olivia-peraldi-la-compagne-deric-ciotti-transportee-aux-urgences-apres-un-accident-de-la-route-a-nice","status":"publish","type":"post","link":"https:\/\/www.europesays.com\/ch-fr\/291129\/","title":{"rendered":"Olivia Peraldi, la compagne d\u2019\u00c9ric Ciotti, transport\u00e9e aux urgences apr\u00e8s un accident de la route \u00e0 Nice"},"content":{"rendered":"<p>Madison Petit<br \/>\n        04\/09\/2026 \u00e0 08:54\n<\/p>\n<p class=\"intro\">Ce mardi 2\u00a0septembre, Olivia Peraldi, la compagne de l\u2019actuel maire de Nice a \u00e9t\u00e9 impliqu\u00e9e dans un accident de la route aux abords de la Promenade des Anglais. Bless\u00e9e, l\u2019avocate a \u00e9t\u00e9 transport\u00e9e aux urgences.<br \/>&#13;\n<\/p>\n<p dir=\"ltr\">Grosse frayeur. En cette matin\u00e9e de rentr\u00e9e, Olivia Peraldi s\u2019est fait tr\u00e8s peur. Selon les informations de \u00ab\u00a0France 3 C\u00f4te d\u2019Azur\u00a0\u00bb, la compagne d\u2019\u00c9ric Ciotti aurait provoqu\u00e9 un accident dans le secteur de la Promenade des Anglais apr\u00e8s avoir grill\u00e9 un feu rouge. L\u2019avocate serait \u00e0 l\u2019origine de la collision et aurait percut\u00e9 un autre v\u00e9hicule en franchissant l\u2019intersection. Les secours ont rapidement \u00e9t\u00e9 d\u00e9p\u00each\u00e9s sur place, dix pompiers et cinq v\u00e9hicules ont \u00e9t\u00e9 mobilis\u00e9s. Bless\u00e9e, la compagne <a href=\"https:\/\/www.parismatch.com\/actu\/politique\/il-a-remis-du-bleu-dans-la-rue-des-commissariats-dans-les-quartiers-a-nice-la-methode-ciotti-convainc-271069\" rel=\"nofollow noopener\" target=\"_blank\">du maire de la ville<\/a> a \u00e9t\u00e9 transport\u00e9e aux urgences de l\u2019h\u00f4pital Pasteur 2, sur les hauteurs de Nice.<\/p>\n<p dir=\"ltr\">Finalement, plus de peur que de mal, la conductrice ne serait que \u00ab\u00a0l\u00e9g\u00e8rement bless\u00e9e\u00a0\u00bb. D\u2019apr\u00e8s les informations du m\u00e9dia r\u00e9gional, Olivia Peraldi n\u2019\u00e9tait sous l\u2019influence d\u2019aucune substance. \u00c9tait-elle trop press\u00e9e ou s\u2019agissait-il d\u2019une simple erreur d\u2019inattention\u00a0? Selon le cabinet <a href=\"https:\/\/www.parismatch.com\/actu\/politique\/municipales-eric-ciotti-elu-maire-de-nice-266331\" rel=\"nofollow noopener\" target=\"_blank\">du maire de Nice<\/a>, interrog\u00e9 par nos confr\u00e8res, Olivia Peraldi aurait fait un malaise avant de perdre le contr\u00f4le de son v\u00e9hicule.\u00a0<\/p>\n<p>    La suite apr\u00e8s cette publicit\u00e9<\/p>\n<p>Olivia Peraldi, la femme qui fait battre le coeur d\u2019\u00c9ric Ciotti<\/p>\n<p dir=\"ltr\">L\u2019idylle entre Olivia Peraldi et \u00c9ric Ciotti est encore tr\u00e8s r\u00e9cente. Ensemble depuis la fin de l\u2019ann\u00e9e derni\u00e8re, <a href=\"https:\/\/www.parismatch.com\/actu\/politique\/municipales-2026-eric-ciotti-le-reve-dune-vie-266400\" rel=\"nofollow noopener\" target=\"_blank\">le couple n\u2019a officialis\u00e9 sa relation qu\u2019en mars dernier, lors des \u00e9lections municipales<\/a>, au cours desquelles \u00c9ric Ciotti a battu son rival Christian Estrosi, en poste depuis plus d\u2019une quinzaine d\u2019ann\u00e9es. Depuis, l\u2019\u00e9dile n\u2019h\u00e9site pas \u00e0 s\u2019afficher aux c\u00f4t\u00e9s de l\u2019avocate, inscrite au barreau de Nice depuis vingt ans. En ao\u00fbt dernier, la femme de loi a ainsi \u00e9t\u00e9 aper\u00e7ue aux c\u00f4t\u00e9s du maire lors de l\u2019hommage rendu \u00e0 Catherine de S\u00e9gurane, h\u00e9ro\u00efne ni\u00e7oise qui aurait repouss\u00e9 l\u2019assaut des Turcs le 15\u00a0ao\u00fbt 1543, mais aussi lors des festivit\u00e9s organis\u00e9es \u00e0 l\u2019occasion du 82e anniversaire de la Lib\u00e9ration de la commune. En revanche,<a href=\"https:\/\/www.parismatch.com\/People\/obseques-de-philippe-bouvard-sa-veuve-colette-soutenue-par-marianne-james-chantal-ladesou-et-eric-ciotti-274940\" rel=\"nofollow noopener\" target=\"_blank\"> \u00c9ric Ciotti est venu seul aux obs\u00e8ques de Philippe Bouvard<\/a>, organis\u00e9es ce lundi 31\u00a0ao\u00fbt \u00e0 Cannes.<\/p>\n<p>    La suite apr\u00e8s cette publicit\u00e9<\/p>\n<p dir=\"ltr\">Le couple forme une heureuse famille recompos\u00e9e. Olivia Peraldi est maman d\u2019un fils n\u00e9 d\u2019une pr\u00e9c\u00e9dente union, tandis qu\u2019\u00c9ric Ciotti est p\u00e8re de trois filles, B\u00e9n\u00e9dicte, Jeanne-Marie et Anne-Julie, issues de deux unions pass\u00e9es.<\/p>\n","protected":false},"excerpt":{"rendered":"Madison Petit 04\/09\/2026 \u00e0 08:54 Ce mardi 2\u00a0septembre, Olivia Peraldi, la compagne de l\u2019actuel maire de Nice a&hellip;\n","protected":false},"author":2,"featured_media":291130,"comment_status":"","ping_status":"","sticky":false,"template":"","format":"standard","meta":{"footnotes":"","_share_on_mastodon":"0"},"categories":[15],"tags":[158,157,113,112,159,23],"class_list":["post-291129","post","type-post","status-publish","format-standard","has-post-thumbnail","category-people","tag-celebrities","tag-celebrity","tag-divertissement","tag-entertainment","tag-people","tag-suisse"],"share_on_mastodon":{"url":"https:\/\/pubeurope.com\/@ch_fr\/117211709051632886","error":""},"_links":{"self":[{"href":"https:\/\/www.europesays.com\/ch-fr\/wp-json\/wp\/v2\/posts\/291129","targetHints":{"allow":["GET"]}}],"collection":[{"href":"https:\/\/www.europesays.com\/ch-fr\/wp-json\/wp\/v2\/posts"}],"about":[{"href":"https:\/\/www.europesays.com\/ch-fr\/wp-json\/wp\/v2\/types\/post"}],"author":[{"embeddable":true,"href":"https:\/\/www.europesays.com\/ch-fr\/wp-json\/wp\/v2\/users\/2"}],"replies":[{"embeddable":true,"href":"https:\/\/www.europesays.com\/ch-fr\/wp-json\/wp\/v2\/comments?post=291129"}],"version-history":[{"count":0,"href":"https:\/\/www.europesays.com\/ch-fr\/wp-json\/wp\/v2\/posts\/291129\/revisions"}],"wp:featuredmedia":[{"embeddable":true,"href":"https:\/\/www.europesays.com\/ch-fr\/wp-json\/wp\/v2\/media\/291130"}],"wp:attachment":[{"href":"https:\/\/www.europesays.com\/ch-fr\/wp-json\/wp\/v2\/media?parent=291129"}],"wp:term":[{"taxonomy":"category","embeddable":true,"href":"https:\/\/www.europesays.com\/ch-fr\/wp-json\/wp\/v2\/categories?post=291129"},{"taxonomy":"post_tag","embeddable":true,"href":"https:\/\/www.europesays.com\/ch-fr\/wp-json\/wp\/v2\/tags?post=291129"}],"curies":[{"name":"wp","href":"https:\/\/api.w.org\/{rel}","templated":true}]}}