{"id":291133,"date":"2026-09-04T08:02:06","date_gmt":"2026-09-04T08:02:06","guid":{"rendered":"https:\/\/www.europesays.com\/ch-fr\/291133\/"},"modified":"2026-09-04T08:02:06","modified_gmt":"2026-09-04T08:02:06","slug":"manga-oupsiiii-pas-encore-de-licence-dragon-ball-pour-les-nouveaux-parcs-dattractions-prevus-en-ile-de-france","status":"publish","type":"post","link":"https:\/\/www.europesays.com\/ch-fr\/291133\/","title":{"rendered":"Manga\u00a0: Oupsiiii\u2026 Pas encore de licence Dragon Ball pour les nouveaux parcs d\u2019attractions pr\u00e9vus en Ile-de-France"},"content":{"rendered":"<p><a href=\"https:\/\/www.20minutes.fr\/arts-stars\/4238641-20260810-dragon-ball-projet-parc-attractions-val-oise-etude-site-ancien-mirapolis\" target=\"_blank\" class=\"c-link c-link--is-underlined\" rel=\"nofollow noopener\">Son Goku va-t-il d\u00e9barquer en Ile-de-France<\/a>\u00a0? Les d\u00e9tenteurs japonais des droits du personnage Dragon Ball ont d\u00e9menti avoir donn\u00e9 leur accord pour la construction d\u2019un<a href=\"https:\/\/www.20minutes.fr\/economie\/4240748-20260824-jamais-vu-depuis-disneyland-riyad-lache-six-milliards-creer-trois-parcs-attractions-pres-paris\" target=\"_blank\" class=\"c-link c-link--is-underlined\" rel=\"nofollow noopener\"> parc \u00e0 th\u00e8me d\u00e9di\u00e9 au c\u00e9l\u00e8bre personnage de manga en r\u00e9gion parisienne<\/a>.<\/p>\n<p>\u00ab\u00a0Certains m\u00e9dias ont rapport\u00e9 qu\u2019une \u00a0\u00bbd\u00e9cision a \u00e9t\u00e9 prise de construire un parc \u00e0 th\u00e8me Dragon Ball en France\u00a0\u00bb. Ni notre soci\u00e9t\u00e9, ni aucune des soci\u00e9t\u00e9s d\u00e9tenant des droits sur cette propri\u00e9t\u00e9 n\u2019ont accord\u00e9 de licence en lien avec ce projet, et nous n\u2019avons connaissance d\u2019aucun \u00e9l\u00e9ment allant dans ce sens\u00a0\u00bb, a affirm\u00e9 la soci\u00e9t\u00e9 Toei Animation dans un communiqu\u00e9 publi\u00e9 en japonais en d\u00e9but de semaine.<\/p>\n<p>Un emballement trop pr\u00e9coce\u00a0?<\/p>\n<p>Le 24 ao\u00fbt, le pr\u00e9sident fran\u00e7ais Emmanuel Macron et le prince h\u00e9ritier d\u2019Arabie saoudite Mohammed ben Salmane ont conjointement annonc\u00e9 <a href=\"https:\/\/www.20minutes.fr\/economie\/4240847-20260825-disneyland-asterix-puy-fou-bientot-dragon-ball-france-va-saturer-parcs-attractions\" target=\"_blank\" class=\"c-link c-link--is-underlined\" rel=\"nofollow noopener\">la construction de trois parcs \u00e0 th\u00e8me<\/a>, \u00e0 Cergy-Pontoise, \u00e0 35 kilom\u00e8tres au nord-ouest de Paris, pour un investissement de six milliards d\u2019euros. Ce projet \u00ab\u00a0est n\u00e9 d\u2019une discussion entre le pr\u00e9sident de la R\u00e9publique et le prince h\u00e9ritier en d\u00e9cembre\u00a02024\u00a0\u00bb \u00e0 Ryad, lorsqu\u2019ils ont d\u00e9couvert leur \u00ab\u00a0passion commune\u00a0\u00bb pour les mangas \u00ab\u00a0et notamment Dragon Ball Z\u00a0\u00bb, avait alors d\u00e9clar\u00e9 une conseill\u00e8re d\u2019Emmanuel Macron.<\/p>\n<p>De son c\u00f4t\u00e9, la pr\u00e9sidente de la r\u00e9gion Ile-de-France Val\u00e9rie P\u00e9cresse, avait indiqu\u00e9 travailler \u00ab\u00a0depuis 18 mois\u00a0\u00bb sur ce projet inspir\u00e9 du manga japonais. La soci\u00e9t\u00e9 Qiddiya Investment Company (QIC), d\u00e9tenue par le fonds souverain de l\u2019Arabie saoudite, qui va investir dans ces parcs d\u2019attractions, a pr\u00e9f\u00e9r\u00e9 parler de discussions en cours avec de grandes marques internationales d\u00e9tentrices de licences.<\/p>\n<p>Les droits en attente<\/p>\n<p>Plusieurs soci\u00e9t\u00e9s japonaises poss\u00e8dent les droits sur le personnage culte Dragon Ball en fonction des supports d\u2019utilisation.<\/p>\n<p>La soci\u00e9t\u00e9 Bandai Namco Entertainment, un autre d\u00e9tenteur potentiel des droits, a refus\u00e9 vendredi de commenter aupr\u00e8s de l\u2019AFP tandis qu\u2019une porte-parole de Shueisha, l\u2019\u00e9diteur japonais des mangas Dragon Ball, a d\u00e9clar\u00e9 ce vendredi n\u2019avoir rien \u00e0 voir avec ce projet.<\/p>\n<p>Lors de l\u2019annonce de ce projet, qui doit s\u2019\u00e9tendre sur plusieurs ann\u00e9es, Emmanuel Macron a affirm\u00e9 qu\u2019il permettrait la cr\u00e9ation de \u00ab\u00a022.000 emplois directs\u00a0\u00bb.<\/p>\n","protected":false},"excerpt":{"rendered":"Son Goku va-t-il d\u00e9barquer en Ile-de-France\u00a0? Les d\u00e9tenteurs japonais des droits du personnage Dragon Ball ont d\u00e9menti avoir&hellip;\n","protected":false},"author":2,"featured_media":291134,"comment_status":"","ping_status":"","sticky":false,"template":"","format":"standard","meta":{"footnotes":"","_share_on_mastodon":"0"},"categories":[10],"tags":[1596,113,44,112,2100,1355,15138,21607,23,63381],"class_list":["post-291133","post","type-post","status-publish","format-standard","has-post-thumbnail","category-divertissement","tag-arabie-saoudite","tag-divertissement","tag-economie","tag-entertainment","tag-ile-de-france","tag-japon","tag-manga","tag-parc-dattractions","tag-suisse","tag-valerie-pecresse"],"share_on_mastodon":{"url":"https:\/\/pubeurope.com\/@ch_fr\/117211728751126160","error":""},"_links":{"self":[{"href":"https:\/\/www.europesays.com\/ch-fr\/wp-json\/wp\/v2\/posts\/291133","targetHints":{"allow":["GET"]}}],"collection":[{"href":"https:\/\/www.europesays.com\/ch-fr\/wp-json\/wp\/v2\/posts"}],"about":[{"href":"https:\/\/www.europesays.com\/ch-fr\/wp-json\/wp\/v2\/types\/post"}],"author":[{"embeddable":true,"href":"https:\/\/www.europesays.com\/ch-fr\/wp-json\/wp\/v2\/users\/2"}],"replies":[{"embeddable":true,"href":"https:\/\/www.europesays.com\/ch-fr\/wp-json\/wp\/v2\/comments?post=291133"}],"version-history":[{"count":0,"href":"https:\/\/www.europesays.com\/ch-fr\/wp-json\/wp\/v2\/posts\/291133\/revisions"}],"wp:featuredmedia":[{"embeddable":true,"href":"https:\/\/www.europesays.com\/ch-fr\/wp-json\/wp\/v2\/media\/291134"}],"wp:attachment":[{"href":"https:\/\/www.europesays.com\/ch-fr\/wp-json\/wp\/v2\/media?parent=291133"}],"wp:term":[{"taxonomy":"category","embeddable":true,"href":"https:\/\/www.europesays.com\/ch-fr\/wp-json\/wp\/v2\/categories?post=291133"},{"taxonomy":"post_tag","embeddable":true,"href":"https:\/\/www.europesays.com\/ch-fr\/wp-json\/wp\/v2\/tags?post=291133"}],"curies":[{"name":"wp","href":"https:\/\/api.w.org\/{rel}","templated":true}]}}