{"id":291147,"date":"2026-09-04T08:15:12","date_gmt":"2026-09-04T08:15:12","guid":{"rendered":"https:\/\/www.europesays.com\/ch-fr\/291147\/"},"modified":"2026-09-04T08:15:12","modified_gmt":"2026-09-04T08:15:12","slug":"festival-du-cinema-americain-de-deauville-le-comedien-ethan-hawke-mis-a-lhonneur-en-ouverture-de-la-52e-edition-actu-fr","status":"publish","type":"post","link":"https:\/\/www.europesays.com\/ch-fr\/291147\/","title":{"rendered":"Festival du cin\u00e9ma am\u00e9ricain de Deauville : le com\u00e9dien Ethan Hawke mis \u00e0 l\u2019honneur en ouverture de la 52e \u00e9dition &#8211; Actu.fr"},"content":{"rendered":"<p><a href=\"https:\/\/news.google.com\/rss\/articles\/CBMi-wFBVV95cUxPMU1XMHlhaDJKQVd0Z3hOaV9DRjJLVk1ISm42a3ZNN3FjUmpVTEpoUHp0REptRnE2amttdmc3MWcycFVJNDlTdHdEVjJzOVUtOTFqcVRiMnVxM05qSk9qNnVMUUtINThLTURROWJIbGgwZG9UVVdqSnpJbi1zUVdoRm5xS0pFSEF4RUhfSXYyem9Md1VZUDlkYmVGNUE1OUpSd3VDM1pnZ0VGTC1venhOVGJQUEtoWjFMZ3lKRTBnRE85bGJWQ2ZaaDZlRG82QmhQTHY4YTc3ZVF5bnE1bW90RkpXMTdScjZONUpteVZHZHc4YTIyTE9rc1RNWQ?oc=5\" target=\"_blank\" rel=\"nofollow noopener\">Festival du cin\u00e9ma am\u00e9ricain de Deauville : le com\u00e9dien Ethan Hawke mis \u00e0 l\u2019honneur en ouverture de la 52e \u00e9dition<\/a>&nbsp;&nbsp;Actu.fr<a href=\"https:\/\/news.google.com\/rss\/articles\/CBMi-wFBVV95cUxNSmdLT1gwUm1FUXJMc2kxeVVOZGRNOHlKbmZnR3Q2bklZSklkdFdXLXY4V0JFZUI2VHEzWUotVHU1RUg2ZkR2d3BFSUpHWmtzcndibnZUSlQ0Z3YxdVBaZ0w3b3BLc3pHcUh3cDZka1Y1V3NTRi1aZXk1d0N1UWJPRFpZNFEyTnNubWJlcXljdnNaQm03d18wYVI0TWY5SG1xUVZKN3FDS0Q1RE96TXJqNjY5aVB4ZTFZbVJqRlUySUFZOTQtU2U4OWJrZG1tQldWNlBuZERVSFI1VnVlMEZRV05wMHo0ckVCc2RxWGwxRUlEN1JncFNMWjNkYw?oc=5\" target=\"_blank\" rel=\"nofollow noopener\">Festival de Deauville 2026 : l\u2019autre regard sur le cin\u00e9ma am\u00e9ricain<\/a>&nbsp;&nbsp;Ouest-France<a href=\"https:\/\/news.google.com\/rss\/articles\/CBMitwFBVV95cUxObnZROHFBRXNiZExGcTYwazNzejlrRjJtVnFBR1EzcUc4RmhPdkdXZ29uaVFfM0M0eTlNMGxsS0l2ZjJIZ1kzTml2Vm9BVVZPUGttOFg0Wml5TnRPbFllMGQyekxqNzg5RUJzRmVmRkpqWnRqVUhGUEJsVWlTcXVVck9ENlpiZldQejQxY04tYnp6bnZLUnVicTVEbHFSUmZoQkZfVUNXMXY5RGZaeG9uQjdfUXBoa0k?oc=5\" target=\"_blank\" rel=\"nofollow noopener\">Roschdy Zem : \u00ab Le cin\u00e9ma am\u00e9ricain qui me faisait r\u00eaver n\u2019existe quasiment plus \u00bb<\/a>&nbsp;&nbsp;Le Figaro<a href=\"https:\/\/news.google.com\/rss\/articles\/CBMijAJBVV95cUxNQzIyWUtKSzBFSTA2RHY3dkJqQmlDWXE0RG5PZFNFdUJ5YnBfTEZ2ZXp1TnF0MWlyNGJkSlZ2ZFpqWlJRWVB6RWJqNjhRYnFKOGp2SmRBMlBIUGxseWdpZ2ZTYUhLYlNTRWhIUUNtV1FhU2R4NUpGdnFpc3AzbHRTNENIaTBsY2F3X1RQa1Y2LTJHN3c3M0FBaG1rQ21UNEUzc2ZyMVM5NmhMOUk5b2ZUY0hjVlZOZ3BzV0U5TWstYTVxZjBsRDdyUFpueTNlQkhEZFRZQkxiczR5XzFiTkRhc19xbFZJT2tfMVY5cTdfOGFjWllGM05hejlfcEdwWU5XZ1doX09jRUhtVWVh?oc=5\" target=\"_blank\" rel=\"nofollow noopener\">\u00abHollywood est paralys\u00e9\u00bb : pourquoi est-il de plus en plus compliqu\u00e9 de faire venir des stars au Festival de Deauville ?<\/a>&nbsp;&nbsp;MaVille.com<a href=\"https:\/\/news.google.com\/rss\/articles\/CBMifkFVX3lxTFBrdUdKR3c4X0d1OGs0a1Fab0FYQXRlYUhCV3czbzB1bHNjVjAyN0lhbmpkdFp5bnRVVjU5S2ROZkEteVdlTUZSNy02dzd0dGZwZngxWnJpaU9DamIwbXp4SG9PRUNXNFJGOU1ZNmxoVnctcjh4N3R5TDBQUGFtdw?oc=5\" target=\"_blank\" rel=\"nofollow noopener\">Festival de Deauville 2026 : Brendan Fraser, Faye Dunaway, Patrick Schwarzenegger&#8230; Tous les films et les \u00e9v\u00e9nements de la 52\u00e8me \u00e9dition<\/a>&nbsp;&nbsp;AlloCin\u00e9<\/p>\n","protected":false},"excerpt":{"rendered":"Festival du cin\u00e9ma am\u00e9ricain de Deauville : le com\u00e9dien Ethan Hawke mis \u00e0 l\u2019honneur en ouverture de la&hellip;\n","protected":false},"author":2,"featured_media":291148,"comment_status":"","ping_status":"","sticky":false,"template":"","format":"standard","meta":{"footnotes":"","_share_on_mastodon":"0"},"categories":[15],"tags":[158,157,113,112,159,23],"class_list":["post-291147","post","type-post","status-publish","format-standard","has-post-thumbnail","category-people","tag-celebrities","tag-celebrity","tag-divertissement","tag-entertainment","tag-people","tag-suisse"],"share_on_mastodon":{"url":"https:\/\/pubeurope.com\/@ch_fr\/117211780012793270","error":""},"_links":{"self":[{"href":"https:\/\/www.europesays.com\/ch-fr\/wp-json\/wp\/v2\/posts\/291147","targetHints":{"allow":["GET"]}}],"collection":[{"href":"https:\/\/www.europesays.com\/ch-fr\/wp-json\/wp\/v2\/posts"}],"about":[{"href":"https:\/\/www.europesays.com\/ch-fr\/wp-json\/wp\/v2\/types\/post"}],"author":[{"embeddable":true,"href":"https:\/\/www.europesays.com\/ch-fr\/wp-json\/wp\/v2\/users\/2"}],"replies":[{"embeddable":true,"href":"https:\/\/www.europesays.com\/ch-fr\/wp-json\/wp\/v2\/comments?post=291147"}],"version-history":[{"count":0,"href":"https:\/\/www.europesays.com\/ch-fr\/wp-json\/wp\/v2\/posts\/291147\/revisions"}],"wp:featuredmedia":[{"embeddable":true,"href":"https:\/\/www.europesays.com\/ch-fr\/wp-json\/wp\/v2\/media\/291148"}],"wp:attachment":[{"href":"https:\/\/www.europesays.com\/ch-fr\/wp-json\/wp\/v2\/media?parent=291147"}],"wp:term":[{"taxonomy":"category","embeddable":true,"href":"https:\/\/www.europesays.com\/ch-fr\/wp-json\/wp\/v2\/categories?post=291147"},{"taxonomy":"post_tag","embeddable":true,"href":"https:\/\/www.europesays.com\/ch-fr\/wp-json\/wp\/v2\/tags?post=291147"}],"curies":[{"name":"wp","href":"https:\/\/api.w.org\/{rel}","templated":true}]}}