{"id":291171,"date":"2026-09-04T08:34:09","date_gmt":"2026-09-04T08:34:09","guid":{"rendered":"https:\/\/www.europesays.com\/ch-fr\/291171\/"},"modified":"2026-09-04T08:34:09","modified_gmt":"2026-09-04T08:34:09","slug":"cinq-ans-apres-enfiler-le-costume-de-batman-nest-plus-si-facile-pour-robert-pattinson","status":"publish","type":"post","link":"https:\/\/www.europesays.com\/ch-fr\/291171\/","title":{"rendered":"Cinq ans apr\u00e8s, enfiler le costume de Batman n\u2019est plus si facile pour Robert Pattinson"},"content":{"rendered":"<p>\u00catre un super-h\u00e9ros demande \u00e9norm\u00e9ment de condition physique. Veiller sur les rues de Gotham City est devenu\u00a0compliqu\u00e9, avoue\u00a0Robert Pattinson qui joue Bruce Wayne dans \u00ab\u00a0Batman\u00a0\u00bb.<\/p>\n<p>Alors qu\u2019il a fallu cinq ans avant qu\u2019il enfile \u00e0 nouveau sa cape de Batman, l\u2019acteur s\u2019est confi\u00e9 sur l\u2019intensit\u00e9 du tournage en cours lors d\u2019une interview pour le magazine GQ. Il y raconte qu\u2019\u00e0 40 ans, tourner les nombreuses sc\u00e8nes d\u2019action rel\u00e8ve du challenge. Malgr\u00e9 cela, Robert Pattinson n\u2019aborde pas ce point comme une plainte et souligne le fait qu\u2019il s\u2019amuse toujours autant sur un film qu\u2019il pense g\u00e9nial. Il a par contre beaucoup plus de mal que pour le pr\u00e9c\u00e9dent \u00e9pisode. L\u2019acteur explique\u00a0: \u00ab\u00a0Je sens clairement mon \u00e2ge quand je dois beaucoup me battre. Je me dis litt\u00e9ralement\u00a0: &lsquo;Putain, c\u2019est vraiment beaucoup plus difficile qu\u2019avant\u00a0!\u00a0\u00bb<\/p>\n<p>Il faut dire que le r\u00e9alisateur\u00a0Matt Reeves\u00a0ne l\u2019a pas m\u00e9nag\u00e9.\u00a0En plus d\u2019un film que l\u2019on pressent centr\u00e9 sur l\u2019histoire de Bruce Wayne, de nombreuses sc\u00e8nes sont tourn\u00e9es de nuit. La nuit et le myst\u00e8re, c\u2019est en tout cas toujours bien ce qui entoure ce nouveau film puisque tr\u00e8s peu d\u2019informations ont fuit\u00e9 sur un sc\u00e9nario que l\u2019\u00e9quipe d\u2019\u00e9criture et de production garde pr\u00e9cieusement secret.<\/p>\n<p>Robert Pattinson, quant \u00e0 lui, affirme qu\u2019il soufflera un peu apr\u00e8s ce tournage. Il faut dire que l\u2019acteur a une actualit\u00e9 cin\u00e9matographique bien charg\u00e9e, apr\u00e8s avoir \u00e9t\u00e9 \u00e0 l\u2019affiche de \u00ab\u00a0The Drama\u00a0\u00bb avec Zendaya, \u00ab\u00a0Die My Love\u00a0\u00bb avec Jennifer Lawrence, et plus r\u00e9cemment dans\u00a0\u00ab\u00a0L\u2019Odyss\u00e9e\u00a0\u00bb de Christopher Nolan.\u00a0<a href=\"https:\/\/www.rtbf.be\/article\/robert-pattinson-traquera-les-predateurs-sexuels-dans-le-film-primetime-11767734\" rel=\"nofollow noopener\" target=\"_blank\">On s\u2019appr\u00eate \u00e0 le retrouver aussi dans la prochaine production du studio A24, \u00ab\u00a0Primetime\u00a0\u00bb<\/a> pr\u00e9vue en salles pour le 25\u00a0septembre.<\/p>\n","protected":false},"excerpt":{"rendered":"\u00catre un super-h\u00e9ros demande \u00e9norm\u00e9ment de condition physique. Veiller sur les rues de Gotham City est devenu\u00a0compliqu\u00e9, avoue\u00a0Robert&hellip;\n","protected":false},"author":2,"featured_media":291172,"comment_status":"","ping_status":"","sticky":false,"template":"","format":"standard","meta":{"footnotes":"","_share_on_mastodon":"0"},"categories":[15],"tags":[158,157,113,112,159,23],"class_list":["post-291171","post","type-post","status-publish","format-standard","has-post-thumbnail","category-people","tag-celebrities","tag-celebrity","tag-divertissement","tag-entertainment","tag-people","tag-suisse"],"share_on_mastodon":{"url":"https:\/\/pubeurope.com\/@ch_fr\/117211854544294648","error":""},"_links":{"self":[{"href":"https:\/\/www.europesays.com\/ch-fr\/wp-json\/wp\/v2\/posts\/291171","targetHints":{"allow":["GET"]}}],"collection":[{"href":"https:\/\/www.europesays.com\/ch-fr\/wp-json\/wp\/v2\/posts"}],"about":[{"href":"https:\/\/www.europesays.com\/ch-fr\/wp-json\/wp\/v2\/types\/post"}],"author":[{"embeddable":true,"href":"https:\/\/www.europesays.com\/ch-fr\/wp-json\/wp\/v2\/users\/2"}],"replies":[{"embeddable":true,"href":"https:\/\/www.europesays.com\/ch-fr\/wp-json\/wp\/v2\/comments?post=291171"}],"version-history":[{"count":0,"href":"https:\/\/www.europesays.com\/ch-fr\/wp-json\/wp\/v2\/posts\/291171\/revisions"}],"wp:featuredmedia":[{"embeddable":true,"href":"https:\/\/www.europesays.com\/ch-fr\/wp-json\/wp\/v2\/media\/291172"}],"wp:attachment":[{"href":"https:\/\/www.europesays.com\/ch-fr\/wp-json\/wp\/v2\/media?parent=291171"}],"wp:term":[{"taxonomy":"category","embeddable":true,"href":"https:\/\/www.europesays.com\/ch-fr\/wp-json\/wp\/v2\/categories?post=291171"},{"taxonomy":"post_tag","embeddable":true,"href":"https:\/\/www.europesays.com\/ch-fr\/wp-json\/wp\/v2\/tags?post=291171"}],"curies":[{"name":"wp","href":"https:\/\/api.w.org\/{rel}","templated":true}]}}