{"id":291177,"date":"2026-09-04T08:41:10","date_gmt":"2026-09-04T08:41:10","guid":{"rendered":"https:\/\/www.europesays.com\/ch-fr\/291177\/"},"modified":"2026-09-04T08:41:10","modified_gmt":"2026-09-04T08:41:10","slug":"barometre-des-romands-boteli-porte-sion-le-slo-leader-rts-ch","status":"publish","type":"post","link":"https:\/\/www.europesays.com\/ch-fr\/291177\/","title":{"rendered":"Barom\u00e8tre des Romands : Boteli porte Sion, le SLO leader &#8211; rts.ch"},"content":{"rendered":"<p><a href=\"https:\/\/news.google.com\/rss\/articles\/CBMitAFBVV95cUxPbkJPSVdPTGNUamkzQlQwSEpuczJQVzQ5TVNaWERCb0ZtUExhX2FGVm55cTQzTnNyMlFuY0N4YVl2cnk1NXNxcS13amdKbWhGbDQ3V1ZYalJJT0F2Qmc2MXFrT3Y3WHpEa1N4RXBGX2dhZnA2dy01QUs2NmQzZkl5LWJZZ2UyV09LM0F1ZzJQaHlQbnFtQWp6bnNIa1hXWHplTzRVbmN0Tjk5OFl4dXJWSWlfRU4?oc=5\" target=\"_blank\" rel=\"nofollow noopener\">Barom\u00e8tre des Romands : Boteli porte Sion, le SLO leader<\/a>&nbsp;&nbsp;rts.ch<a href=\"https:\/\/news.google.com\/rss\/articles\/CBMipwFBVV95cUxPOEw1OVluemxKOWgwa3NyTEJfc0pud2R2RnlUcTAxaHlVOW9tQm9ONUNQNlYyaTJJclRUdGwtTjBtaVc4Z2M1NkUzWVdndThCb3JZbVFQcmp2bER6TlNVdExreTIxaEdyc2duVl80Vi1CX3BkZWpFMVRoVzNkNHdFYXRwcXZETGlYTklUYVhXUVlZSmM2Nlo0QnllUl9kTE1DNEpXdjdENA?oc=5\" target=\"_blank\" rel=\"nofollow noopener\">FC B\u00e2le 1-2 FC Sion, Championnat de Suisse : match termin\u00e9<\/a>&nbsp;&nbsp;L&rsquo;\u00c9quipe<a href=\"https:\/\/news.google.com\/rss\/articles\/CBMiuwFBVV95cUxPQkpLak5XRERFbTR0YV9oaFZ4U1NWX2VobGx0Vm9BRWhONFI0Ni1HTGxBLWw1MkZObHdSNXpGdGk1ZXYwSTV2bWpDMXB3OWZLWmlNbF9Yam9CaUJmZlJQVVdieG1WTUxFOW4wS3Naa3lXT0JnRzg1WlBzLWd0bExpU1E2dldFaVpwUGRsSFgtczRkNUlFaUZnQThtSEhPQm1MZW96eDZtVzZ6UDc0QUNqbDlkTFV0YjNiR2ZF?oc=5\" target=\"_blank\" rel=\"nofollow noopener\">Super League : Sion triomphe \u00e0 B\u00e2le, Servette craque \u00e0 la 94e<\/a>&nbsp;&nbsp;rts.ch<a href=\"https:\/\/news.google.com\/rss\/articles\/CBMijAFBVV95cUxQRVdTUjJNdEgtMHV3Ul9YY2JXV001VFJkMTZkaVRzOWEyVFl5ZUk2eHNQdlVVZHkwUDVmcmVMVXlJQmhoYmNGSTFEWHVUUE5kUm4wUTlXTV9QMWNQM1gwVDlsSkx2NDZKSDVkdUd5RURsNG4xaGl3MmhXa2YwZG45VGVMVmxGQ1FwNkFRdA?oc=5\" target=\"_blank\" rel=\"nofollow noopener\">Football: Sion s&rsquo;impose contre un f\u00e9brile B\u00e2le<\/a>&nbsp;&nbsp;Le Matin<a href=\"https:\/\/news.google.com\/rss\/articles\/CBMiswFBVV95cUxPSWdoVThxR2w4SThSbjFZLTNBRnVkUHh3N0FPbC1hcGVfcHVzR3dnTG5DazFWOXBJOEdIc0E5WUxFcVExdkhTekt2ZHo2U0JZVGVBOEZZVExWemxyS3M3T2hqMGhDaU4tVHNDYTVIbWJPdHc0Y2hHTW5VYlNKdlJDXy1qMjQ1WDYxd0JmdzdDNEtKS0JtTkhlcHBSd3dXSmdCVkRZME9weEJYbDJRMVVLTXhodw?oc=5\" target=\"_blank\" rel=\"nofollow noopener\">R\u00e9sultat Basel &#8211; Sion : r\u00e9sum\u00e9 du match de Brack Super League Suisse, 6\u00e8me journ\u00e9e, jeudi 03 septembre 2026<\/a>&nbsp;&nbsp;RMC Sport<\/p>\n","protected":false},"excerpt":{"rendered":"Barom\u00e8tre des Romands : Boteli porte Sion, le SLO leader&nbsp;&nbsp;rts.chFC B\u00e2le 1-2 FC Sion, Championnat de Suisse :&hellip;\n","protected":false},"author":2,"featured_media":291178,"comment_status":"","ping_status":"","sticky":false,"template":"","format":"standard","meta":{"footnotes":"","_share_on_mastodon":"0"},"categories":[8],"tags":[2286,996,15720,901,1009,1971,519,182,6875,2757,337,1463,186,75,916,23,1223,1224],"class_list":["post-291177","post","type-post","status-publish","format-standard","has-post-thumbnail","category-sports","tag-barrage","tag-club","tag-commande","tag-competition-de-qualification","tag-competition-sportive","tag-defaite","tag-expulsion-en-droit","tag-football","tag-match-nul","tag-publication","tag-rencontre","tag-score","tag-sport","tag-sports","tag-succes","tag-suisse","tag-tir","tag-victoire"],"share_on_mastodon":{"url":"https:\/\/pubeurope.com\/@ch_fr\/117211882137111932","error":""},"_links":{"self":[{"href":"https:\/\/www.europesays.com\/ch-fr\/wp-json\/wp\/v2\/posts\/291177","targetHints":{"allow":["GET"]}}],"collection":[{"href":"https:\/\/www.europesays.com\/ch-fr\/wp-json\/wp\/v2\/posts"}],"about":[{"href":"https:\/\/www.europesays.com\/ch-fr\/wp-json\/wp\/v2\/types\/post"}],"author":[{"embeddable":true,"href":"https:\/\/www.europesays.com\/ch-fr\/wp-json\/wp\/v2\/users\/2"}],"replies":[{"embeddable":true,"href":"https:\/\/www.europesays.com\/ch-fr\/wp-json\/wp\/v2\/comments?post=291177"}],"version-history":[{"count":0,"href":"https:\/\/www.europesays.com\/ch-fr\/wp-json\/wp\/v2\/posts\/291177\/revisions"}],"wp:featuredmedia":[{"embeddable":true,"href":"https:\/\/www.europesays.com\/ch-fr\/wp-json\/wp\/v2\/media\/291178"}],"wp:attachment":[{"href":"https:\/\/www.europesays.com\/ch-fr\/wp-json\/wp\/v2\/media?parent=291177"}],"wp:term":[{"taxonomy":"category","embeddable":true,"href":"https:\/\/www.europesays.com\/ch-fr\/wp-json\/wp\/v2\/categories?post=291177"},{"taxonomy":"post_tag","embeddable":true,"href":"https:\/\/www.europesays.com\/ch-fr\/wp-json\/wp\/v2\/tags?post=291177"}],"curies":[{"name":"wp","href":"https:\/\/api.w.org\/{rel}","templated":true}]}}