{"id":291187,"date":"2026-09-04T08:46:14","date_gmt":"2026-09-04T08:46:14","guid":{"rendered":"https:\/\/www.europesays.com\/ch-fr\/291187\/"},"modified":"2026-09-04T08:46:14","modified_gmt":"2026-09-04T08:46:14","slug":"cest-devenu-un-sujet-brulant-aux-etats-unis-que-revele-la-fascination-pour-laffaire-lindsay-clancy","status":"publish","type":"post","link":"https:\/\/www.europesays.com\/ch-fr\/291187\/","title":{"rendered":"\u00abC\u2019est devenu un sujet br\u00fblant aux Etats-Unis\u00bb: que r\u00e9v\u00e8le la fascination pour l\u2019affaire Lindsay Clancy?"},"content":{"rendered":"<p>    R\u00e9sum\u00e9 en 20 secondes<\/p>\n<p>        En savoir plus sur ce type de contenu<\/p>\n<p>Ce r\u00e9sum\u00e9 peut avoir \u00e9t\u00e9 \u00e9crit avec l&rsquo;assistance d\u2019une IA g\u00e9n\u00e9rative. <a href=\"https:\/\/www.letemps.ch\/cyber\/l-usage-de-l-ia-generative-par-les-journalistes-du-temps\" rel=\"nofollow noopener\" target=\"_blank\">En savoir plus<\/a><\/p>\n<p class=\"article__abstract-call-to-action\" data-ariato=\"TrackableElement\" data-trackable-element-type=\"article_abstract_cta\" data-trackable-element-location=\"article_header\" data-trackable-element-id=\"541543\">\n        <a data-event=\"click-&gt;clicked\" href=\"https:\/\/www.letemps.ch\/abonnements\" rel=\"nofollow noopener\" target=\"_blank\">Abonnez-vous<\/a> pour acc\u00e9der au r\u00e9sum\u00e9 en 20 secondes.\n      <\/p>\n<p>Elles ont afflu\u00e9 par centaines devant la Cour sup\u00e9rieure du comt\u00e9 de Plymouth, dans le Massachusetts. Ces femmes v\u00eatues de rose, m\u00e8res pour la plupart, venaient t\u00e9moigner leur solidarit\u00e9 \u00e0 Lindsay Clancy lors de son proc\u00e8s, o\u00f9 elle est jug\u00e9e pour le meurtre de ses trois enfants. Alors que le jury entamait ce vendredi son septi\u00e8me jour de d\u00e9lib\u00e9ration, apr\u00e8s avoir indiqu\u00e9 \u00e0 deux reprises cette semaine qu\u2019il ne parvenait pas \u00e0 rendre un verdict unanime, les rangs des soutiens se sont \u00e9claircis. Mais sur les r\u00e9seaux sociaux, dans l\u2019attente tendue du verdict, cette affaire n\u2019en finit plus de susciter commentaires et d\u00e9bats enflamm\u00e9s.<\/p>\n<p>Pourtant, ce cas ressemble \u00e0 un infanticide \u00abplut\u00f4t typique\u00bb, estime Anne-Marie Kilday, professeure d\u2019histoire criminelle \u00e0 l\u2019universit\u00e9 de Northampton, qui a \u00e9tudi\u00e9 les meurtres d\u2019enfants par leurs m\u00e8res de 1600 \u00e0 nos jours, en Grande-Bretagne*. Ce qui la frappe ici, c\u2019est la r\u00e9ception et le traitement public d\u00e9clench\u00e9 par cette affaire. \u00abC\u2019est devenu un sujet br\u00fblant, aux Etats-Unis\u00bb, souligne la chercheuse.<\/p>\n","protected":false},"excerpt":{"rendered":"R\u00e9sum\u00e9 en 20 secondes En savoir plus sur ce type de contenu Ce r\u00e9sum\u00e9 peut avoir \u00e9t\u00e9 \u00e9crit&hellip;\n","protected":false},"author":2,"featured_media":291188,"comment_status":"","ping_status":"","sticky":false,"template":"","format":"standard","meta":{"footnotes":"","_share_on_mastodon":"0"},"categories":[4],"tags":[22,1081,222,302,21,174,395,238,23],"class_list":["post-291187","post","type-post","status-publish","format-standard","has-post-thumbnail","category-actualites","tag-actualites","tag-egalite","tag-etats-unis","tag-familles","tag-news","tag-premium","tag-sante-mentale","tag-societe","tag-suisse"],"share_on_mastodon":{"url":"https:\/\/pubeurope.com\/@ch_fr\/117211901744183139","error":""},"_links":{"self":[{"href":"https:\/\/www.europesays.com\/ch-fr\/wp-json\/wp\/v2\/posts\/291187","targetHints":{"allow":["GET"]}}],"collection":[{"href":"https:\/\/www.europesays.com\/ch-fr\/wp-json\/wp\/v2\/posts"}],"about":[{"href":"https:\/\/www.europesays.com\/ch-fr\/wp-json\/wp\/v2\/types\/post"}],"author":[{"embeddable":true,"href":"https:\/\/www.europesays.com\/ch-fr\/wp-json\/wp\/v2\/users\/2"}],"replies":[{"embeddable":true,"href":"https:\/\/www.europesays.com\/ch-fr\/wp-json\/wp\/v2\/comments?post=291187"}],"version-history":[{"count":0,"href":"https:\/\/www.europesays.com\/ch-fr\/wp-json\/wp\/v2\/posts\/291187\/revisions"}],"wp:featuredmedia":[{"embeddable":true,"href":"https:\/\/www.europesays.com\/ch-fr\/wp-json\/wp\/v2\/media\/291188"}],"wp:attachment":[{"href":"https:\/\/www.europesays.com\/ch-fr\/wp-json\/wp\/v2\/media?parent=291187"}],"wp:term":[{"taxonomy":"category","embeddable":true,"href":"https:\/\/www.europesays.com\/ch-fr\/wp-json\/wp\/v2\/categories?post=291187"},{"taxonomy":"post_tag","embeddable":true,"href":"https:\/\/www.europesays.com\/ch-fr\/wp-json\/wp\/v2\/tags?post=291187"}],"curies":[{"name":"wp","href":"https:\/\/api.w.org\/{rel}","templated":true}]}}