{"id":291197,"date":"2026-09-04T09:00:07","date_gmt":"2026-09-04T09:00:07","guid":{"rendered":"https:\/\/www.europesays.com\/ch-fr\/291197\/"},"modified":"2026-09-04T09:00:07","modified_gmt":"2026-09-04T09:00:07","slug":"metropole-de-grenoble-fontaine-un-cas-de-dengue-declenche-une-operation-de-demoustication","status":"publish","type":"post","link":"https:\/\/www.europesays.com\/ch-fr\/291197\/","title":{"rendered":"M\u00e9tropole de Grenoble. Fontaine\u00a0: un cas de dengue d\u00e9clenche une op\u00e9ration de d\u00e9moustication"},"content":{"rendered":"<p>Depuis sa boulangerie, Erwan les a vus se d\u00e9ployer \u00ab\u00a0vers 3\u00a0h\u00a030 du matin et \u00e7a a dur\u00e9 une heure. Mais ils nous avaient pr\u00e9venus et l\u2019on savait qu\u2019il fallait fermer les portes et les fen\u00eatres.\u00a0\u00bb<\/p>\n<p>De fait, depuis l\u2019alerte d\u2019un cas de dengue ce mardi \u00e0 Fontaine, l\u2019ARS avait pos\u00e9 des affiches sur les immeubles et dans les bo\u00eetes aux lettres d\u2019une partie du quartier Bastille concern\u00e9. Avec quelques messages de pr\u00e9caution entre 2 heures et 5 heures du matin\u00a0: rester \u00e0 l\u2019int\u00e9rieur, fermer les fen\u00eatres, mettre ses animaux \u00e0&#8230;<\/p>\n","protected":false},"excerpt":{"rendered":"Depuis sa boulangerie, Erwan les a vus se d\u00e9ployer \u00ab\u00a0vers 3\u00a0h\u00a030 du matin et \u00e7a a dur\u00e9 une&hellip;\n","protected":false},"author":2,"featured_media":291198,"comment_status":"","ping_status":"","sticky":false,"template":"","format":"standard","meta":{"footnotes":"","_share_on_mastodon":"0"},"categories":[9],"tags":[3600,355,297,29011,63384,83,3582,84,23],"class_list":["post-291197","post","type-post","status-publish","format-standard","has-post-thumbnail","category-sante","tag-edition-grenoble-agglomeration","tag-environnement","tag-fil-info","tag-fontaine","tag-fontaine-bassin","tag-health","tag-isere","tag-sante","tag-suisse"],"share_on_mastodon":{"url":"https:\/\/pubeurope.com\/@ch_fr\/117211956934333995","error":""},"_links":{"self":[{"href":"https:\/\/www.europesays.com\/ch-fr\/wp-json\/wp\/v2\/posts\/291197","targetHints":{"allow":["GET"]}}],"collection":[{"href":"https:\/\/www.europesays.com\/ch-fr\/wp-json\/wp\/v2\/posts"}],"about":[{"href":"https:\/\/www.europesays.com\/ch-fr\/wp-json\/wp\/v2\/types\/post"}],"author":[{"embeddable":true,"href":"https:\/\/www.europesays.com\/ch-fr\/wp-json\/wp\/v2\/users\/2"}],"replies":[{"embeddable":true,"href":"https:\/\/www.europesays.com\/ch-fr\/wp-json\/wp\/v2\/comments?post=291197"}],"version-history":[{"count":0,"href":"https:\/\/www.europesays.com\/ch-fr\/wp-json\/wp\/v2\/posts\/291197\/revisions"}],"wp:featuredmedia":[{"embeddable":true,"href":"https:\/\/www.europesays.com\/ch-fr\/wp-json\/wp\/v2\/media\/291198"}],"wp:attachment":[{"href":"https:\/\/www.europesays.com\/ch-fr\/wp-json\/wp\/v2\/media?parent=291197"}],"wp:term":[{"taxonomy":"category","embeddable":true,"href":"https:\/\/www.europesays.com\/ch-fr\/wp-json\/wp\/v2\/categories?post=291197"},{"taxonomy":"post_tag","embeddable":true,"href":"https:\/\/www.europesays.com\/ch-fr\/wp-json\/wp\/v2\/tags?post=291197"}],"curies":[{"name":"wp","href":"https:\/\/api.w.org\/{rel}","templated":true}]}}