{"id":291211,"date":"2026-09-04T09:12:15","date_gmt":"2026-09-04T09:12:15","guid":{"rendered":"https:\/\/www.europesays.com\/ch-fr\/291211\/"},"modified":"2026-09-04T09:12:15","modified_gmt":"2026-09-04T09:12:15","slug":"un-seul-en-scene-cest-un-everest-en-talons-aiguilles-pourquoi-les-acteurs-plebiscitent-les-spectacles-en-solo","status":"publish","type":"post","link":"https:\/\/www.europesays.com\/ch-fr\/291211\/","title":{"rendered":"\u00ab\u00a0Un seul-en-sc\u00e8ne, c\u2019est un Everest en talons aiguilles\u00a0\u00bb\u00a0: pourquoi les acteurs pl\u00e9biscitent les spectacles en solo"},"content":{"rendered":"<p>\n    ENQU\u00caTE &#8211; En cette rentr\u00e9e, Guillaume de\u00a0Tonqu\u00e9dec, Thierry Lhermitte, Hugo Becker et Jean Reno montent en solo sur les planches. Une tendance qui s\u2019accentue en ces temps de restrictions budg\u00e9taires.<\/p>\n<p class=\"fig-paragraph\">\u00ab\u00a0Le seul-en-sc\u00e8ne est addictif et magique\u00a0!\u00a0\u00bb, s\u2019enthousiasme Franck Desmedt, qui a incarn\u00e9 C\u00e9line, Romain Gary et sera le Caligula d\u2019<a href=\"http:\/\/www.lefigaro.fr\/histoire\/dossier\/douze-journees-dans-la-vie-d-albert-camus\" data-fig-type=\"Topic\" data-gtm-custom-categorie=\"navigation\" data-gtm-custom-action=\"crossclick\" data-gtm-custom-label=\"Contextuel\" data-gtm-event=\"customEventSPE\" data-fig-domain=\"LEFIGARO\" rel=\"nofollow noopener\" target=\"_blank\">Albert Camus<\/a>\u00a0en 2027. \u00c9galement directeur du Th\u00e9\u00e2tre de la Huchette, il re\u00e7oit r\u00e9guli\u00e8rement des projets dans ce format, notamment de com\u00e9diennes. En cette rentr\u00e9e, le genre explose\u00a0: Aurore Auteuil, Hugo Becker, D\u00e9borah Moreau, Samuel Labarthe, Guillaume de\u00a0Tonqu\u00e9dec,\u00a0<a href=\"http:\/\/www.lefigaro.fr\/theatre\/avec-la-rencontre-thierry-lhermitte-signe-une-ode-aux-douceurs-de-l-amitie-20260718\" data-fig-type=\"Article\" data-gtm-custom-categorie=\"navigation\" data-gtm-custom-action=\"crossclick\" data-gtm-custom-label=\"Contextuel\" data-gtm-event=\"customEventSPE\" data-fig-domain=\"LEFIGARO\" rel=\"nofollow noopener\" target=\"_blank\">Thierry Lhermitte<\/a>, G\u00e9raldine Martineau ou Alejandra Radano, l\u2019actrice f\u00e9tiche d\u2019Alfredo Arias, se produisent en solo. Dans les pas d\u2019Andr\u00e9a Bescond (Les Chatouilles, d\u00e8s le 14\u00a0septembre au Th\u00e9\u00e2tre de l\u2019\u0152uvre), Maxime d\u2019Aboville (actuellement en Napol\u00e9on au Poche Montparnasse) ou\u00a0<a href=\"http:\/\/www.lefigaro.fr\/histoire\/fabrice-luchini-victor-etait-sensible-aux-realites-cachees-20260223\" data-fig-type=\"Article\" data-gtm-custom-categorie=\"navigation\" data-gtm-custom-action=\"crossclick\" data-gtm-custom-label=\"Contextuel\" data-gtm-event=\"customEventSPE\" data-fig-domain=\"LEFIGARO\" rel=\"nofollow noopener\" target=\"_blank\">Fabrice Luchini qui se penche sur les \u00e9crits de Victor Hugo<\/a>\u00a0(du 5\u00a0octobre au 15\u00a0d\u00e9cembre au Th\u00e9\u00e2tre de la Porte-Saint-Martin) et donne sa vision de L\u2019Art du portrait selon Cioran (du 7\u00a0octobre au 9\u00a0d\u00e9cembre \u00e0 l\u2019Atelier).<\/p>\n<p class=\"fig-paragraph\">Qu\u2019est-ce qui incite les artistes \u00e0 se lancer dans cette aventure\u00a0? Le besoin\u2026<\/p>\n<p class=\"fig-premium-paywall__infos\">\n        Cet article est r\u00e9serv\u00e9 aux abonn\u00e9s.        Il vous reste 90% \u00e0 d\u00e9couvrir.\n    <\/p>\n<p>                <img  data- alt=\"Le Figaro\" class=\"fig-img--complete fig-img\"\/><\/p>\n<p class=\"fig-premium-paywall__title\">Vente Flash<\/p>\n<p class=\"fig-premium-paywall__subtitle\">-70% sur votre abonnement. Sans engagement.<\/p>\n<p class=\"fig-premium-paywall__connect\">\n                D\u00e9j\u00e0 abonn\u00e9\u00a0?                <a class=\"fig-premium-paywall__connect-link\" href=\"https:\/\/connect.lefigaro.fr\/login?client=horizon_web&amp;type=main&amp;redirect_uri=https%3A%2F%2Fwww.lefigaro.fr%2Ftheatre%2Fun-seul-en-scene-c-est-un-everest-en-talons-aiguilles-pourquoi-les-acteurs-plebiscitent-les-spectacles-en-solo-20260904\" data-js-gtm=\"{&quot;event&quot;:&quot;customEventGA4&quot;,&quot;eventName&quot;:&quot;click_action&quot;,&quot;feature&quot;:&quot;paywall&quot;,&quot;location&quot;:&quot;paywall&quot;,&quot;button_action&quot;:&quot;connect&quot;,&quot;click_text&quot;:&quot;Connectez-vous&quot;}\" rel=\"nofollow noopener\" target=\"_blank\"><br \/>\n                    Connectez-vous<br \/>\n                <\/a>\n            <\/p>\n","protected":false},"excerpt":{"rendered":"ENQU\u00caTE &#8211; En cette rentr\u00e9e, Guillaume de\u00a0Tonqu\u00e9dec, Thierry Lhermitte, Hugo Becker et Jean Reno montent en solo sur&hellip;\n","protected":false},"author":2,"featured_media":291212,"comment_status":"","ping_status":"","sticky":false,"template":"","format":"standard","meta":{"footnotes":"","_share_on_mastodon":"0"},"categories":[15],"tags":[158,157,113,112,63387,17210,63386,15133,159,23,9009],"class_list":["post-291211","post","type-post","status-publish","format-standard","has-post-thumbnail","category-people","tag-celebrities","tag-celebrity","tag-divertissement","tag-entertainment","tag-franck-desmedt","tag-guillaume-de-tonquedec","tag-hugo-becker","tag-jean-reno","tag-people","tag-suisse","tag-thierry-lhermitte"],"share_on_mastodon":{"url":"https:\/\/pubeurope.com\/@ch_fr\/117212004136176453","error":""},"_links":{"self":[{"href":"https:\/\/www.europesays.com\/ch-fr\/wp-json\/wp\/v2\/posts\/291211","targetHints":{"allow":["GET"]}}],"collection":[{"href":"https:\/\/www.europesays.com\/ch-fr\/wp-json\/wp\/v2\/posts"}],"about":[{"href":"https:\/\/www.europesays.com\/ch-fr\/wp-json\/wp\/v2\/types\/post"}],"author":[{"embeddable":true,"href":"https:\/\/www.europesays.com\/ch-fr\/wp-json\/wp\/v2\/users\/2"}],"replies":[{"embeddable":true,"href":"https:\/\/www.europesays.com\/ch-fr\/wp-json\/wp\/v2\/comments?post=291211"}],"version-history":[{"count":0,"href":"https:\/\/www.europesays.com\/ch-fr\/wp-json\/wp\/v2\/posts\/291211\/revisions"}],"wp:featuredmedia":[{"embeddable":true,"href":"https:\/\/www.europesays.com\/ch-fr\/wp-json\/wp\/v2\/media\/291212"}],"wp:attachment":[{"href":"https:\/\/www.europesays.com\/ch-fr\/wp-json\/wp\/v2\/media?parent=291211"}],"wp:term":[{"taxonomy":"category","embeddable":true,"href":"https:\/\/www.europesays.com\/ch-fr\/wp-json\/wp\/v2\/categories?post=291211"},{"taxonomy":"post_tag","embeddable":true,"href":"https:\/\/www.europesays.com\/ch-fr\/wp-json\/wp\/v2\/tags?post=291211"}],"curies":[{"name":"wp","href":"https:\/\/api.w.org\/{rel}","templated":true}]}}