{"id":291223,"date":"2026-09-04T09:21:10","date_gmt":"2026-09-04T09:21:10","guid":{"rendered":"https:\/\/www.europesays.com\/ch-fr\/291223\/"},"modified":"2026-09-04T09:21:10","modified_gmt":"2026-09-04T09:21:10","slug":"developpement-de-lia-bercy-demande-aux-ministeres-dobtenir-des-reductions-de-factures-aupres-des-prestataires-numeriques-04-09-2026-a-1113","status":"publish","type":"post","link":"https:\/\/www.europesays.com\/ch-fr\/291223\/","title":{"rendered":"D\u00e9veloppement de l&rsquo;IA : Bercy demande aux minist\u00e8res d&rsquo;obtenir des r\u00e9ductions de factures aupr\u00e8s des prestataires num\u00e9riques &#8211; 04\/09\/2026 \u00e0 11:13"},"content":{"rendered":"<p>  Les minist\u00e8res vont \u00e9galement devoir r\u00e9viser les contrats en cours et d&rsquo;inclure des clauses de r\u00e9visions p\u00e9riodiques dans les nouveaux march\u00e9s.<\/p>\n<p>        <img decoding=\"async\" src=\"https:\/\/www.europesays.com\/ch-fr\/wp-content\/uploads\/2026\/09\/c5bd10a879438a8dc9038c88c0d41341-760x507.jpg\" alt=\"( AFP \/ - )\" loading=\"eager\" fetchpriority=\"high\" width=\"760\" height=\"507\" style=\"max-width: 100%!important; height: auto;\"\/><\/p>\n<p class=\"c-image-news__legend\">( AFP \/ &#8211; )<\/p>\n<p>\n Alors que les d\u00e9penses de l&rsquo;\u00c9tat dans les services num\u00e9riques ont plus que doubl\u00e9 depuis 2019, le ministre de l&rsquo;Action et des Comptes publics a demand\u00e9 aux minist\u00e8res de faire baisser les factures de leurs prestataires num\u00e9riques, dans un courrier consult\u00e9 par l&rsquo;<\/p>\n<p>  AFP<\/p>\n<p> , confirmant une information des<\/p>\n<p>  \u00c9chos<\/p>\n<p> .\n<\/p>\n<p>\n Dans ce courrier dat\u00e9 du 31 ao\u00fbt, le ministre David Amiel note que \u00ab\u00a0l&rsquo;irruption des outils d&rsquo;intelligence artificielle (IA) g\u00e9n\u00e9rative dans les pratiques de d\u00e9veloppement logiciel (&#8230;) a permis des gains de productivit\u00e9 substantiels dans le secteur du num\u00e9rique\u00a0\u00bb. Si \u00ab\u00a0ces gains b\u00e9n\u00e9ficient aujourd&rsquo;hui pleinement aux prestataires de l&rsquo;\u00c9tat\u00a0\u00bb, \u00ab\u00a0il ne serait pas coh\u00e9rent que<\/p>\n<p>  l&rsquo;\u00c9tat, qui porte une politique ambitieuse de diffusion de l&rsquo;IA dans l&rsquo;ensemble de ses administrations<\/p>\n<p> , ne tire pas lui-m\u00eame parti des gains que cette diffusion g\u00e9n\u00e8re chez ses prestataires\u00a0\u00bb.\n<\/p>\n<p>\n \u00ab\u00a0Je vous invite donc \u00e0 engager, d\u00e8s la rentr\u00e9e, un dialogue avec vos principaux prestataires num\u00e9riques\u00a0\u00bb, poursuit le ministre, en pr\u00e9cisant qu&rsquo;il leur demande de r\u00e9viser les contrats en cours et d&rsquo;<\/p>\n<p>  inclure des clauses de r\u00e9visions p\u00e9riodiques dans les nouveaux march\u00e9s<\/p>\n<p> .\n<\/p>\n<p>\n \u00ab\u00a0Plus d&rsquo;une dizaine de courriers ont \u00e9t\u00e9 transmis \u00e0 l&rsquo;ensemble des minist\u00e8res pour couvrir l&rsquo;ensemble des champs de l&rsquo;\u00c9tat\u00a0\u00bb, a pr\u00e9cis\u00e9 le minist\u00e8re \u00e0 l&rsquo;<\/p>\n<p>  AFP<\/p>\n<p> .\n<\/p>\n<p> Des d\u00e9penses doubl\u00e9es en 7 ans<\/p>\n<p>\n Sont notamment vis\u00e9s les op\u00e9rateurs sous tutelle, list\u00e9s dans chaque courrier, comme par exemple la Banque de France pour Bercy, les Caisses de S\u00e9curit\u00e9 sociale pour les minist\u00e8res du Travail et de la Sant\u00e9, le Commissariat \u00e0 l&rsquo;\u00e9nergie atomique (CEA) pour les minist\u00e8res de l&rsquo;Enseignement sup\u00e9rieur et la Recherche et celui des Arm\u00e9es.\n<\/p>\n<p>\n Le courrier rappelle \u00e9galement que les d\u00e9penses de l&rsquo;\u00c9tat dans le domaine ont plus que doubl\u00e9 depuis 2019, \u00ab\u00a0passant de 339 millions d&rsquo;euros \u00e0 plus de 720 millions d&rsquo;euros pour les seuls minist\u00e8res, auxquels s&rsquo;ajoutent plus de 2,6 milliards d&rsquo;euros au titre des op\u00e9rateurs\u00a0\u00bb.\n<\/p>\n<p>\n \u00ab\u00a0La direction des achats de l&rsquo;\u00c9tat (DAE), en lien avec la direction interminist\u00e9rielle du num\u00e9rique (Dinum) proposera aux minist\u00e8res un cadre de coordination, afin<\/p>\n<p>  d&rsquo;homog\u00e9n\u00e9iser et de renforcer nos positions de n\u00e9gociation face aux prestataires<\/p>\n<p> \u00ab\u00a0, assure David Amiel.\n<\/p>\n<p>\n Mi-juin, l&rsquo;\u00c9tat a g\u00e9n\u00e9ralis\u00e9 le recours \u00e0 un assistant conversationnel IA pour environ un million d&rsquo;agents de la fonction publique, en parall\u00e8le de l&rsquo;annonce faite par le Premier ministre S\u00e9bastien Lecornu d&rsquo;un investissement de 655 millions d&rsquo;euros suppl\u00e9mentaires dans le d\u00e9veloppement de l&rsquo;IA.<\/p>\n","protected":false},"excerpt":{"rendered":"Les minist\u00e8res vont \u00e9galement devoir r\u00e9viser les contrats en cours et d&rsquo;inclure des clauses de r\u00e9visions p\u00e9riodiques dans&hellip;\n","protected":false},"author":2,"featured_media":291224,"comment_status":"","ping_status":"","sticky":false,"template":"","format":"standard","meta":{"footnotes":"","_share_on_mastodon":"0"},"categories":[6],"tags":[48,46,56,45,53,44,43,51,50,47,52,49,23,54,55],"class_list":["post-291223","post","type-post","status-publish","format-standard","has-post-thumbnail","category-economie","tag-action-cac-40","tag-bourse-de-paris","tag-boursorama","tag-business","tag-cotations","tag-economie","tag-economy","tag-indices-devises","tag-investir","tag-investissement","tag-marche-boursier","tag-sicav","tag-suisse","tag-trackers","tag-warrants"],"share_on_mastodon":{"url":"https:\/\/pubeurope.com\/@ch_fr\/117212039952690847","error":""},"_links":{"self":[{"href":"https:\/\/www.europesays.com\/ch-fr\/wp-json\/wp\/v2\/posts\/291223","targetHints":{"allow":["GET"]}}],"collection":[{"href":"https:\/\/www.europesays.com\/ch-fr\/wp-json\/wp\/v2\/posts"}],"about":[{"href":"https:\/\/www.europesays.com\/ch-fr\/wp-json\/wp\/v2\/types\/post"}],"author":[{"embeddable":true,"href":"https:\/\/www.europesays.com\/ch-fr\/wp-json\/wp\/v2\/users\/2"}],"replies":[{"embeddable":true,"href":"https:\/\/www.europesays.com\/ch-fr\/wp-json\/wp\/v2\/comments?post=291223"}],"version-history":[{"count":0,"href":"https:\/\/www.europesays.com\/ch-fr\/wp-json\/wp\/v2\/posts\/291223\/revisions"}],"wp:featuredmedia":[{"embeddable":true,"href":"https:\/\/www.europesays.com\/ch-fr\/wp-json\/wp\/v2\/media\/291224"}],"wp:attachment":[{"href":"https:\/\/www.europesays.com\/ch-fr\/wp-json\/wp\/v2\/media?parent=291223"}],"wp:term":[{"taxonomy":"category","embeddable":true,"href":"https:\/\/www.europesays.com\/ch-fr\/wp-json\/wp\/v2\/categories?post=291223"},{"taxonomy":"post_tag","embeddable":true,"href":"https:\/\/www.europesays.com\/ch-fr\/wp-json\/wp\/v2\/tags?post=291223"}],"curies":[{"name":"wp","href":"https:\/\/api.w.org\/{rel}","templated":true}]}}