{"id":291233,"date":"2026-09-04T09:33:08","date_gmt":"2026-09-04T09:33:08","guid":{"rendered":"https:\/\/www.europesays.com\/ch-fr\/291233\/"},"modified":"2026-09-04T09:33:08","modified_gmt":"2026-09-04T09:33:08","slug":"expulsion-de-xenia-fedorova-nouveau-bras-de-fer-entre-les-autorites-et-le-groupe-bollore","status":"publish","type":"post","link":"https:\/\/www.europesays.com\/ch-fr\/291233\/","title":{"rendered":"Expulsion de Xenia Fedorova : nouveau bras de fer entre les autorit\u00e9s et le groupe Bollor\u00e9"},"content":{"rendered":"<p>\n    La chroniqueuse, qui intervenait sur CNews avant son expulsion et qui continue de signer dans l\u2019hebdomadaire JDNews, est accus\u00e9e par les autorit\u00e9s d\u2019\u00eatre \u00abun relais des campagnes de d\u00e9sinformation pilot\u00e9es par les autorit\u00e9s russes\u00bb.<\/p>\n<p class=\"fig-paragraph\">Le ministre des Affaires \u00e9trang\u00e8res\u00a0<a href=\"http:\/\/www.lefigaro.fr\/flash-eco\/sans-budget-la-credibilite-de-la-france-a-l-international-serait-atteinte-previent-jean-noel-barrot-20260901\" data-fig-type=\"NewsFlash\" data-gtm-custom-categorie=\"navigation\" data-gtm-custom-action=\"crossclick\" data-gtm-custom-label=\"Contextuel\" data-gtm-event=\"customEventSPE\" data-fig-domain=\"LEFIGARO\" rel=\"nofollow noopener\" target=\"_blank\">Jean-No\u00ebl Barrot<\/a>\u00a0a fustig\u00e9 vendredi la d\u00e9cision des m\u00e9dias du groupe\u00a0<a href=\"http:\/\/www.lefigaro.fr\/cinema\/tribune-anti-bollore-la-societe-des-realisateurs-de-films-vote-son-opposition-au-texte-20260624\" data-fig-type=\"NewsFlash\" data-gtm-custom-categorie=\"navigation\" data-gtm-custom-action=\"crossclick\" data-gtm-custom-label=\"Contextuel\" data-gtm-event=\"customEventSPE\" data-fig-domain=\"LEFIGARO\" rel=\"nofollow noopener\" target=\"_blank\">Bollor\u00e9\u00a0<\/a>de continuer \u00e0 donner la parole \u00e0 la chroniqueuse russe\u00a0<a href=\"http:\/\/www.lefigaro.fr\/medias\/xenia-fedorova-le-gouvernement-gele-les-avoirs-de-la-chroniqueuse-russe-deja-visee-par-un-arrete-d-expulsion-20260731\" data-fig-type=\"NewsFlash\" data-gtm-custom-categorie=\"navigation\" data-gtm-custom-action=\"crossclick\" data-gtm-custom-label=\"Contextuel\" data-gtm-event=\"customEventSPE\" data-fig-domain=\"LEFIGARO\" rel=\"nofollow noopener\" target=\"_blank\">Xenia Fedorova<\/a>, expuls\u00e9e de France cet \u00e9t\u00e9 et dont la cha\u00eene CNews a annonc\u00e9 le retour prochain \u00e0 l&rsquo;antenne, \u00e0 distance.<\/p>\n<p class=\"fig-paragraph\">\u00abJe suis tr\u00e8s \u00e9tonn\u00e9 et je dois dire assez afflig\u00e9 de voir que des grands groupes de m\u00e9dias, la libert\u00e9 \u00e9ditoriale est sacr\u00e9e, mais de les voir ouvrir leur colonne ou leur studio \u00e0 quelqu&rsquo;un dont toutes les forces politiques de ce pays consid\u00e8rent que nous avons eu raison de l&rsquo;expulser tant les faits sont av\u00e9r\u00e9s\u00bb, a r\u00e9agi le chef de la diplomatie sur France Inter.<\/p>\n<p>                                            <a class=\"fig-a11y-skip\" href=\"#fig-a11y-skip-main-inarticle\" is=\"fig-a11y-skip\" data-trigger-mode=\"visible-once\"><br \/>\n    Passer la publicit\u00e9<br \/>\n<\/a>            <\/p>\n<p class=\"fig-paragraph\">Xenia Fedorova a \u00e9t\u00e9 \u00abexpuls\u00e9e du territoire national apr\u00e8s avoir \u00e9t\u00e9 expuls\u00e9e de l&rsquo;Allemagne (&#8230;) consid\u00e9rant qu&rsquo;elle est en r\u00e9alit\u00e9 une propagandiste du Kremlin\u00bb, a-t-il rappel\u00e9. L&rsquo;arr\u00eat\u00e9 d&rsquo;expulsion la visant a \u00e9t\u00e9 pris fin juillet. Le gouvernement a \u00e9galement prononc\u00e9 le gel de ses avoirs pour six mois.<\/p>\n<p>                                            \u00abXenia Federova n\u2019est pas emp\u00each\u00e9e d\u2019intervenir \u00e0 distance en visio sur l\u2019antenne\u00bb<\/p>\n<p class=\"fig-paragraph\">\u00c2g\u00e9e de 45 ans, la chroniqueuse, qui intervenait sur CNews avant son expulsion et qui continue de signer dans l&rsquo;hebdomadaire JDNews, est accus\u00e9e par les autorit\u00e9s d&rsquo;\u00eatre \u00abun relais des campagnes de d\u00e9sinformation pilot\u00e9es par les autorit\u00e9s russes\u00bb pour \u00abd\u00e9stabiliser l&rsquo;ordre public\u00bb en France.<\/p>\n<p class=\"fig-paragraph\">Mercredi soir, le pr\u00e9sentateur de CNews Gauthier Le Bret a annonc\u00e9 que \u00abXenia Federova n&rsquo;est pas emp\u00each\u00e9e d&rsquo;intervenir \u00e0 distance en visio sur l&rsquo;antenne\u00bb et qu&rsquo;elle \u00abpourra revenir tr\u00e8s prochainement sur l&rsquo;antenne de CNews pour livrer son analyse, son expertise en visio, \u00e0 distance, puisque le gouvernement fran\u00e7ais l&#8217;emp\u00eache d&rsquo;\u00eatre en France\u00bb.<\/p>\n<p class=\"fig-paragraph\">\u00abPourquoi ouvrir ces studios, ces colonnes, donner des opportunit\u00e9s, donner des ressources m\u00e9diatiques, du temps m\u00e9diatique \u00e0 quelqu&rsquo;un dont il est av\u00e9r\u00e9 qu&rsquo;il travaille au service de la Russie contre la France et contre l&rsquo;Union europ\u00e9enne?\u00bb, a r\u00e9prouv\u00e9 vendredi Jean-No\u00ebl Barrot.<\/p>\n","protected":false},"excerpt":{"rendered":"La chroniqueuse, qui intervenait sur CNews avant son expulsion et qui continue de signer dans l\u2019hebdomadaire JDNews, est&hellip;\n","protected":false},"author":2,"featured_media":291234,"comment_status":"","ping_status":"","sticky":false,"template":"","format":"standard","meta":{"footnotes":"","_share_on_mastodon":"0"},"categories":[15],"tags":[158,157,113,112,27416,159,23,52479],"class_list":["post-291233","post","type-post","status-publish","format-standard","has-post-thumbnail","category-people","tag-celebrities","tag-celebrity","tag-divertissement","tag-entertainment","tag-expulsion","tag-people","tag-suisse","tag-xenia-fedorova"],"share_on_mastodon":{"url":"https:\/\/pubeurope.com\/@ch_fr\/117212086438441722","error":""},"_links":{"self":[{"href":"https:\/\/www.europesays.com\/ch-fr\/wp-json\/wp\/v2\/posts\/291233","targetHints":{"allow":["GET"]}}],"collection":[{"href":"https:\/\/www.europesays.com\/ch-fr\/wp-json\/wp\/v2\/posts"}],"about":[{"href":"https:\/\/www.europesays.com\/ch-fr\/wp-json\/wp\/v2\/types\/post"}],"author":[{"embeddable":true,"href":"https:\/\/www.europesays.com\/ch-fr\/wp-json\/wp\/v2\/users\/2"}],"replies":[{"embeddable":true,"href":"https:\/\/www.europesays.com\/ch-fr\/wp-json\/wp\/v2\/comments?post=291233"}],"version-history":[{"count":0,"href":"https:\/\/www.europesays.com\/ch-fr\/wp-json\/wp\/v2\/posts\/291233\/revisions"}],"wp:featuredmedia":[{"embeddable":true,"href":"https:\/\/www.europesays.com\/ch-fr\/wp-json\/wp\/v2\/media\/291234"}],"wp:attachment":[{"href":"https:\/\/www.europesays.com\/ch-fr\/wp-json\/wp\/v2\/media?parent=291233"}],"wp:term":[{"taxonomy":"category","embeddable":true,"href":"https:\/\/www.europesays.com\/ch-fr\/wp-json\/wp\/v2\/categories?post=291233"},{"taxonomy":"post_tag","embeddable":true,"href":"https:\/\/www.europesays.com\/ch-fr\/wp-json\/wp\/v2\/tags?post=291233"}],"curies":[{"name":"wp","href":"https:\/\/api.w.org\/{rel}","templated":true}]}}