{"id":291255,"date":"2026-09-04T09:51:11","date_gmt":"2026-09-04T09:51:11","guid":{"rendered":"https:\/\/www.europesays.com\/ch-fr\/291255\/"},"modified":"2026-09-04T09:51:11","modified_gmt":"2026-09-04T09:51:11","slug":"mimie-mathy-en-souffrance-physique-certains-jours-sont-tres-durs","status":"publish","type":"post","link":"https:\/\/www.europesays.com\/ch-fr\/291255\/","title":{"rendered":"Mimie Mathy, en souffrance physique\u00a0: \u00ab\u00a0certains jours sont tr\u00e8s durs\u00a0\u00bb"},"content":{"rendered":"<p>Calvaire. Atteinte du syndrome de la queue de cheval, une\u00a0compression des nerfs qui se situent en bas de la colonne vert\u00e9brale, <a href=\"https:\/\/www.journaldesfemmes.fr\/people\/personnalites\/2633937-mimie-mathy-secrets-josephine-ange-gardien-amour-couple-mari-famille\/\" title=\"Mich\u00e8le Mathy\" rel=\"nofollow noopener\" target=\"_blank\">Mimie Mathy<\/a> a un quotidien compliqu\u00e9. \u00ab\u00a0Ce n&rsquo;est pas joyeux le matin, quand je me r\u00e9veille (&#8230;)\u00a0Je fais quelques exercices qui font que \u00e7a va mieux, au bout d&rsquo;un moment. Je prends des m\u00e9dicaments (&#8230;) Certains jours sont tr\u00e8s durs. Je ne sais pas si un jour je me r\u00e9veillerai sans avoir mal\u00a0\u00bb, a expliqu\u00e9 la com\u00e9dienne de 69 ans sur RTL.<\/p>\n","protected":false},"excerpt":{"rendered":"Calvaire. Atteinte du syndrome de la queue de cheval, une\u00a0compression des nerfs qui se situent en bas de&hellip;\n","protected":false},"author":2,"featured_media":291256,"comment_status":"","ping_status":"","sticky":false,"template":"","format":"standard","meta":{"footnotes":"","_share_on_mastodon":"0"},"categories":[15],"tags":[158,157,63389,203,113,112,1244,207,864,8709,159,23],"class_list":["post-291255","post","type-post","status-publish","format-standard","has-post-thumbnail","category-people","tag-celebrities","tag-celebrity","tag-cms-journaldesfemmes-3277001","tag-controller-content","tag-divertissement","tag-entertainment","tag-format-reportage","tag-les-histoires-du-jdf","tag-magazine","tag-mimie-mathy","tag-people","tag-suisse"],"share_on_mastodon":{"url":"https:\/\/pubeurope.com\/@ch_fr\/117212157290782891","error":""},"_links":{"self":[{"href":"https:\/\/www.europesays.com\/ch-fr\/wp-json\/wp\/v2\/posts\/291255","targetHints":{"allow":["GET"]}}],"collection":[{"href":"https:\/\/www.europesays.com\/ch-fr\/wp-json\/wp\/v2\/posts"}],"about":[{"href":"https:\/\/www.europesays.com\/ch-fr\/wp-json\/wp\/v2\/types\/post"}],"author":[{"embeddable":true,"href":"https:\/\/www.europesays.com\/ch-fr\/wp-json\/wp\/v2\/users\/2"}],"replies":[{"embeddable":true,"href":"https:\/\/www.europesays.com\/ch-fr\/wp-json\/wp\/v2\/comments?post=291255"}],"version-history":[{"count":0,"href":"https:\/\/www.europesays.com\/ch-fr\/wp-json\/wp\/v2\/posts\/291255\/revisions"}],"wp:featuredmedia":[{"embeddable":true,"href":"https:\/\/www.europesays.com\/ch-fr\/wp-json\/wp\/v2\/media\/291256"}],"wp:attachment":[{"href":"https:\/\/www.europesays.com\/ch-fr\/wp-json\/wp\/v2\/media?parent=291255"}],"wp:term":[{"taxonomy":"category","embeddable":true,"href":"https:\/\/www.europesays.com\/ch-fr\/wp-json\/wp\/v2\/categories?post=291255"},{"taxonomy":"post_tag","embeddable":true,"href":"https:\/\/www.europesays.com\/ch-fr\/wp-json\/wp\/v2\/tags?post=291255"}],"curies":[{"name":"wp","href":"https:\/\/api.w.org\/{rel}","templated":true}]}}