{"id":291267,"date":"2026-09-04T09:58:06","date_gmt":"2026-09-04T09:58:06","guid":{"rendered":"https:\/\/www.europesays.com\/ch-fr\/291267\/"},"modified":"2026-09-04T09:58:06","modified_gmt":"2026-09-04T09:58:06","slug":"nick-kyrgios-suspendu-un-mois-pour-usage-de-cocaine","status":"publish","type":"post","link":"https:\/\/www.europesays.com\/ch-fr\/291267\/","title":{"rendered":"Nick Kyrgios suspendu un mois pour usage de coca\u00efne"},"content":{"rendered":"<p>Nick Kyrgios a \u00e9t\u00e9 suspendu un mois apr\u00e8s un contr\u00f4le positif \u00e0 la coca\u00efne, a annonc\u00e9 l&rsquo;Agence internationale pour l&rsquo;int\u00e9grit\u00e9 du tennis (ITIA). L&rsquo;Australien de 31 ans s&rsquo;est engag\u00e9 dans un programme de d\u00e9sintoxication et peut rejouer avec effet imm\u00e9diat.<\/p>\n<p>Le finaliste de Wimbledon 2022 avait \u00e9t\u00e9 test\u00e9 positif lors du tournoi ATP 250 de Majorque le 22 juin et suspendu temporairement pour cela depuis le 4 ao\u00fbt.<\/p>\n<p>La dur\u00e9e de suspension par d\u00e9faut pour une infraction de ce type, commise hors comp\u00e9tition comme \u00e9tabli par l&rsquo;agence, est de trois mois. Mais l&rsquo;ITIA a expliqu\u00e9 jeudi avoir d\u00e9cid\u00e9 de la r\u00e9duire \u00e0 un mois \u00e0 condition que le joueur suive une d\u00e9marche de soins.<\/p>\n<p>\u00ab\u00a0Kyrgios s&rsquo;est engag\u00e9 dans un programme de traitement\u00a0\u00bb, a annonc\u00e9 l&rsquo;autorit\u00e9. A ce titre, la suspension du joueur prend fin le 3 septembre 2026, sous r\u00e9serve de l&rsquo;ach\u00e8vement du programme. Les primes et les points de classement obtenus lors du tournoi de Majorque lui seront retir\u00e9s.\u00a0\u00bb<\/p>\n<p>Contexte social<\/p>\n<p>L&rsquo;agence antidopage a indiqu\u00e9 que Kyrgios avait expliqu\u00e9 que sa consommation de coca\u00efne s&rsquo;\u00e9tait produite dans un contexte social, lors d&rsquo;une soir\u00e9e avant qu&rsquo;il ne doive disputer un match \u00e0 Majorque.<\/p>\n<p>L&rsquo;ITIA a consult\u00e9 un expert scientifique ind\u00e9pendant au sein d&rsquo;un laboratoire accr\u00e9dit\u00e9 par l&rsquo;Agence mondiale antidopage (AMA), qui a estim\u00e9 que son explication \u00e9tait coh\u00e9rente avec le taux de coca\u00efne d\u00e9tect\u00e9 dans son \u00e9chantillon. \u00ab\u00a0En cons\u00e9quence, l&rsquo;ITIA a admis que la consommation de coca\u00efne par Kyrgios avait eu lieu hors comp\u00e9tition\u00a0\u00bb, a d\u00e9clar\u00e9 l&rsquo;agence du tennis.<\/p>\n<p>&gt;&gt; A lire aussi\u00a0: <a href=\"https:\/\/www.rts.ch\/sport\/tennis\/2026\/article\/us-open-gael-monfils-tire-sa-reverence-en-grand-chelem-29347162.html\" data-item-id=\"richtext_link\" rel=\"nofollow noopener\" target=\"_blank\">Ga\u00ebl Monfils, battu par Learner Tien \u00e0 l&rsquo;US Open, tire sa r\u00e9v\u00e9rence en Grand Chelem<\/a><\/p>\n<p class=\"sources\">agences\/tai<\/p>\n","protected":false},"excerpt":{"rendered":"Nick Kyrgios a \u00e9t\u00e9 suspendu un mois apr\u00e8s un contr\u00f4le positif \u00e0 la coca\u00efne, a annonc\u00e9 l&rsquo;Agence internationale&hellip;\n","protected":false},"author":2,"featured_media":291268,"comment_status":"","ping_status":"","sticky":false,"template":"","format":"standard","meta":{"footnotes":"","_share_on_mastodon":"0"},"categories":[8],"tags":[6804,2843,63417,57748,186,75,23,4344,472],"class_list":["post-291267","post","type-post","status-publish","format-standard","has-post-thumbnail","category-sports","tag-australie","tag-cocaine","tag-medicaments-autorises-dans-le-sport","tag-nick-kyrgios","tag-sport","tag-sports","tag-suisse","tag-tennis","tag-tournoi"],"share_on_mastodon":{"url":"https:\/\/pubeurope.com\/@ch_fr\/117212185216410267","error":""},"_links":{"self":[{"href":"https:\/\/www.europesays.com\/ch-fr\/wp-json\/wp\/v2\/posts\/291267","targetHints":{"allow":["GET"]}}],"collection":[{"href":"https:\/\/www.europesays.com\/ch-fr\/wp-json\/wp\/v2\/posts"}],"about":[{"href":"https:\/\/www.europesays.com\/ch-fr\/wp-json\/wp\/v2\/types\/post"}],"author":[{"embeddable":true,"href":"https:\/\/www.europesays.com\/ch-fr\/wp-json\/wp\/v2\/users\/2"}],"replies":[{"embeddable":true,"href":"https:\/\/www.europesays.com\/ch-fr\/wp-json\/wp\/v2\/comments?post=291267"}],"version-history":[{"count":0,"href":"https:\/\/www.europesays.com\/ch-fr\/wp-json\/wp\/v2\/posts\/291267\/revisions"}],"wp:featuredmedia":[{"embeddable":true,"href":"https:\/\/www.europesays.com\/ch-fr\/wp-json\/wp\/v2\/media\/291268"}],"wp:attachment":[{"href":"https:\/\/www.europesays.com\/ch-fr\/wp-json\/wp\/v2\/media?parent=291267"}],"wp:term":[{"taxonomy":"category","embeddable":true,"href":"https:\/\/www.europesays.com\/ch-fr\/wp-json\/wp\/v2\/categories?post=291267"},{"taxonomy":"post_tag","embeddable":true,"href":"https:\/\/www.europesays.com\/ch-fr\/wp-json\/wp\/v2\/tags?post=291267"}],"curies":[{"name":"wp","href":"https:\/\/api.w.org\/{rel}","templated":true}]}}