{"id":291279,"date":"2026-09-04T10:04:09","date_gmt":"2026-09-04T10:04:09","guid":{"rendered":"https:\/\/www.europesays.com\/ch-fr\/291279\/"},"modified":"2026-09-04T10:04:09","modified_gmt":"2026-09-04T10:04:09","slug":"on-a-vu-la-premiere-de-stephane-bern-a-la-tete-de-la-carte-aux-tresors-sur-france-3","status":"publish","type":"post","link":"https:\/\/www.europesays.com\/ch-fr\/291279\/","title":{"rendered":"On a vu la premi\u00e8re de St\u00e9phane Bern \u00e0 la t\u00eate de la \u00ab\u00a0Carte aux Tr\u00e9sors\u00a0\u00bb sur France 3"},"content":{"rendered":"<p>\n                Article premium,<br \/>\n                    R\u00e9serv\u00e9 aux\u00a0abonn\u00e9s\n            <\/p>\n<p class=\"su-standfirst chapeau\">L\u2019animateur f\u00e9ru d\u2019histoire et de patrimoine reprend les r\u00eanes du jeu de piste culte de France 3, apr\u00e8s le d\u00e9part de Cyril F\u00e9raud. La cha\u00eene diffuse le premier \u00e9pisode de l\u2019\u00e9mission fa\u00e7on St\u00e9phane Bern, ce vendredi 4\u00a0septembre 2026, \u00e0 21\u00a0h\u00a010. Au programme, une d\u00e9couverte du Val-de-Cher et de la Sologne\u00a0: entre ch\u00e2teaux, \u00e9quitation et de sp\u00e9cialit\u00e9s locales.<\/p>\n<p>                                        <img decoding=\"async\" class=\"su-media\" src=\"https:\/\/www.europesays.com\/ch-fr\/wp-content\/uploads\/2026\/09\/MjAyNjA5ZjBkYzJjMjMxMGMzMmYyZmMzY2NmY2ZiMTNkNDI0ODM.webp\" alt=\"Le premier \u00e9pisode de \u00ab\u00a0La Carte aux Tr\u00e9sors\u00a0\u00bb anim\u00e9 par St\u00e9phane Bern, sera diffus\u00e9 ce vendredi 4\u00a0septembre 2026, sur France 3.\"  \/><\/p>\n<p>                            Le premier \u00e9pisode de \u00ab\u00a0La Carte aux Tr\u00e9sors\u00a0\u00bb anim\u00e9 par St\u00e9phane Bern, sera diffus\u00e9 ce vendredi 4\u00a0septembre 2026, sur France 3. | 99\u00a0M\u00c9DIAS<\/p>\n<p>                            fermer<\/p>\n<p><img decoding=\"async\" data-ofmaxheight=\"\" class=\"su-media lazyload\" alt=\"Le premier \u00e9pisode de \u00ab\u00a0La Carte aux Tr\u00e9sors\u00a0\u00bb anim\u00e9 par St\u00e9phane Bern, sera diffus\u00e9 ce vendredi 4\u00a0septembre 2026, sur France 3.\" src=\"data:image\/png;base64,iVBORw0KGgoAAAANSUhEUgAAABAAAAAJCAYAAAA7KqwyAAAAGXRFWHRTb2Z0d2FyZQBBZG9iZSBJbWFnZVJlYWR5ccllPAAAABhJREFUeNpi\/P\/\/PwMlgHHUgFEDgAAgwAD+lBrvy+NcxAAAAABJRU5ErkJggg==\" data-oflazyload=\"{&quot;srcset&quot;:&quot;https:\/\/media.ouest-france.fr\/v1\/pictures\/MjAyNjA5ZjBkYzJjMjMxMGMzMmYyZmMzY2NmY2ZiMTNkNDI0ODM?width=320&amp;focuspoint=49%2C49&amp;cropresize=1&amp;client_id=bpeditorial&amp;sign=adc58c161a62ea91f3fcfcf7a18ec59e2e69474580d8554fb1aa1298f095f4ff 320w,https:\/\/media.ouest-france.fr\/v1\/pictures\/MjAyNjA5ZjBkYzJjMjMxMGMzMmYyZmMzY2NmY2ZiMTNkNDI0ODM?width=375&amp;focuspoint=49%2C49&amp;cropresize=1&amp;client_id=bpeditorial&amp;sign=745a0c0aaf98b58bea1fdea156e7e53bf76cec9ab2d772e381c0ff39be728370 360w,https:\/\/media.ouest-france.fr\/v1\/pictures\/MjAyNjA5ZjBkYzJjMjMxMGMzMmYyZmMzY2NmY2ZiMTNkNDI0ODM?width=480&amp;focuspoint=49%2C49&amp;cropresize=1&amp;client_id=bpeditorial&amp;sign=08b043dab74d5e16f8eac4b942f18cf1e976c293500a874b0ad5051fe2f712ae 480w,https:\/\/media.ouest-france.fr\/v1\/pictures\/MjAyNjA5ZjBkYzJjMjMxMGMzMmYyZmMzY2NmY2ZiMTNkNDI0ODM?width=630&amp;focuspoint=49%2C49&amp;cropresize=1&amp;client_id=bpeditorial&amp;sign=607dc96e19660066e1cfb1d14877b3cdddfb206fa22859617a204a0063097ee2 630w,https:\/\/media.ouest-france.fr\/v1\/pictures\/MjAyNjA5ZjBkYzJjMjMxMGMzMmYyZmMzY2NmY2ZiMTNkNDI0ODM?width=940&amp;focuspoint=49%2C49&amp;cropresize=1&amp;client_id=bpeditorial&amp;sign=6908b889b73125aaf3f2f2cbcac614f14049894cb9554c3a17c28430305e14ba 940w,https:\/\/media.ouest-france.fr\/v1\/pictures\/MjAyNjA5ZjBkYzJjMjMxMGMzMmYyZmMzY2NmY2ZiMTNkNDI0ODM?width=1260&amp;focuspoint=49%2C49&amp;cropresize=1&amp;client_id=bpeditorial&amp;sign=ef0e2d56d1975fdd5d43b4f6c509034cebfcea61f0dcf6560614e04c36ac284e 1260w&quot;}\"\/>Le premier \u00e9pisode de \u00ab\u00a0La Carte aux Tr\u00e9sors\u00a0\u00bb anim\u00e9 par St\u00e9phane Bern, sera diffus\u00e9 ce vendredi 4\u00a0septembre 2026, sur France 3. | 99\u00a0M\u00c9DIAS                            <\/p>\n<p data-ofstats-scroll=\"read_depth_20\">L\u2019histoire n\u2019a d\u00e9cid\u00e9ment aucun secret pour lui. Ce vendredi 4 septembre 2026, St\u00e9phane Bern reprend les r\u00eanes de La Carte Aux Tr\u00e9sors sur France 3, dans un premier \u00e9pisode au c\u0153ur du Val-de-Cher et de la Sologne. L\u2019animateur vedette succ\u00e8de \u00e0 <a href=\"https:\/\/programmetv.ouest-france.fr\/divers\/divertissement\/fort-boyard-m86033384\/bilan-fort-boyard-cyril-feraud-animaux-et-nouveautes-en-demi-teinte-lavis-des-fans-sur-la-saison-ecoulee-32900bf4-a2e8-11f1-94d9-ff4da0548a19\" target=\"_self\" rel=\"nofollow noopener\">Cyril F\u00e9raud, tout droit sorti de son premier \u00e9t\u00e9 \u00e0 Fort Boyard <\/a>, et compte bien valoriser le patrimoine, dans une ambiance l\u00e9g\u00e8re et familiale.<\/p>\n<p>Lire aussi :  <a href=\"https:\/\/programmetv.ouest-france.fr\/personnalites\/stephane-bern\/la-carte-aux-tresors-avant-la-diffusion-de-la-nouvelle-saison-ce-precieux-conseil-de-cyril-feraud-a-stephane-bern-0a07dbec-a169-11f1-bba4-fb5ac80a227f\" target=\"_self\" rel=\"nofollow noopener\">\u00ab La Carte aux tr\u00e9sors \u00bb : avant&#8230;<\/a><\/p>\n<p style=\"text-align: center; background-color: #dbbe4d; padding-top: 5px; padding-bottom: 5px; font-size: 14px;\">D\u00e9j\u00e0 abonn\u00e9 ? <a data-trkartmonet=\"Identification\" data-trk-sipa=\"{\" blockcategory=\"\" paywall=\"\" href=\"http:\/\/programmetv.ouest-france.fr\/login?redirect=https:\/\/programmetv.ouest-france.fr\/chaines\/programme-tv-france-3-80\/on-a-vu-la-premiere-de-stephane-bern-a-la-tete-de-la-carte-aux-tresors-sur-france-3-0adb80ba-a6e0-11f1-8a27-1e0c4eb5e395\" rel=\"nofollow noopener\" title=\"Se connecter \u00e0 Ouest-France\" class=\"su-link-light\" target=\"_blank\">Connectez-vous<\/a><\/p>\n<p style=\"text-align: center; padding-top: 15px; padding-bottom: 8px; vertical-align: bottom;\">bloqu\u00e9 Pour lire la suite, abonnez-vous<\/p>\n<p style=\"text-align: center;\">1er mois \u00e0 1\u20ac<\/p>\n<p style=\"text-align: center; margin-top: -5px;\">Annulable \u00e0 tout moment<\/p>\n<p style=\"text-align: center;\">\u00a0<\/p>\n<p style=\"text-align: center;\"><a data-ida=\"\" data-trkartmonet=\"Tunnel OF+\" data-trk-sipa=\"{&#010;\" blockcategory=\"\" paywall=\"\" :=\"\" m=\"\" of=\"\" class=\"su-button su-subscription\" data-trk-bloc=\"paywall\" href=\"https:\/\/abonnement.ouest-france.fr\/tunnel\/pack-essentiel-article\/122096117101?int_medium=lien&amp;int_campaign=PWFR0225-OF&amp;int_content=page-article-payant_boutonjaune-paywall&amp;marquesource=OF&amp;rt=https:\/\/programmetv.ouest-france.fr\/chaines\/programme-tv-france-3-80\/on-a-vu-la-premiere-de-stephane-bern-a-la-tete-de-la-carte-aux-tresors-sur-france-3-0adb80ba-a6e0-11f1-8a27-1e0c4eb5e395\" rel=\"nofollow noopener\" target=\"_blank\">Je m&rsquo;abonne<\/a><\/p>\n<p style=\"text-align: center; padding-top: 10px; padding-bottom: 10px;\"><img decoding=\"async\" src=\"https:\/\/media.ouest-france.fr\/v1\/fonts\/be7723fcee3f1866f1ce99184077fc6f-carte-bancaire.svg?height=36\" alt=\"CB\"\/>\u00a0\u00a0<img decoding=\"async\" src=\"https:\/\/media.ouest-france.fr\/v1\/fonts\/1819d54c599d8afa64539cfba4ac9dde-rib.svg?height=36\" alt=\"RIB\"\/>\u00a0\u00a0<img decoding=\"async\" src=\"https:\/\/media.ouest-france.fr\/v1\/fonts\/065fc80d7b6a03d14a834c224ce723e1-paypal.svg?height=36\" alt=\"PAYPAL\"\/><\/p>\n","protected":false},"excerpt":{"rendered":"Article premium, R\u00e9serv\u00e9 aux\u00a0abonn\u00e9s L\u2019animateur f\u00e9ru d\u2019histoire et de patrimoine reprend les r\u00eanes du jeu de piste culte&hellip;\n","protected":false},"author":2,"featured_media":291280,"comment_status":"","ping_status":"","sticky":false,"template":"","format":"standard","meta":{"footnotes":"","_share_on_mastodon":"0"},"categories":[20],"tags":[1771,193,192,7681,1691,8432,4578,227,23,142,109],"class_list":["post-291279","post","type-post","status-publish","format-standard","has-post-thumbnail","category-berne","tag-actualite-en-continu","tag-bern","tag-berne","tag-centre-val-de-loire","tag-france-3","tag-jeux-tele","tag-loir-et-cher","tag-stephane-bern","tag-suisse","tag-television","tag-une"],"share_on_mastodon":{"url":"https:\/\/pubeurope.com\/@ch_fr\/117212209297997732","error":""},"_links":{"self":[{"href":"https:\/\/www.europesays.com\/ch-fr\/wp-json\/wp\/v2\/posts\/291279","targetHints":{"allow":["GET"]}}],"collection":[{"href":"https:\/\/www.europesays.com\/ch-fr\/wp-json\/wp\/v2\/posts"}],"about":[{"href":"https:\/\/www.europesays.com\/ch-fr\/wp-json\/wp\/v2\/types\/post"}],"author":[{"embeddable":true,"href":"https:\/\/www.europesays.com\/ch-fr\/wp-json\/wp\/v2\/users\/2"}],"replies":[{"embeddable":true,"href":"https:\/\/www.europesays.com\/ch-fr\/wp-json\/wp\/v2\/comments?post=291279"}],"version-history":[{"count":0,"href":"https:\/\/www.europesays.com\/ch-fr\/wp-json\/wp\/v2\/posts\/291279\/revisions"}],"wp:featuredmedia":[{"embeddable":true,"href":"https:\/\/www.europesays.com\/ch-fr\/wp-json\/wp\/v2\/media\/291280"}],"wp:attachment":[{"href":"https:\/\/www.europesays.com\/ch-fr\/wp-json\/wp\/v2\/media?parent=291279"}],"wp:term":[{"taxonomy":"category","embeddable":true,"href":"https:\/\/www.europesays.com\/ch-fr\/wp-json\/wp\/v2\/categories?post=291279"},{"taxonomy":"post_tag","embeddable":true,"href":"https:\/\/www.europesays.com\/ch-fr\/wp-json\/wp\/v2\/tags?post=291279"}],"curies":[{"name":"wp","href":"https:\/\/api.w.org\/{rel}","templated":true}]}}