{"id":291283,"date":"2026-09-04T10:09:08","date_gmt":"2026-09-04T10:09:08","guid":{"rendered":"https:\/\/www.europesays.com\/ch-fr\/291283\/"},"modified":"2026-09-04T10:09:08","modified_gmt":"2026-09-04T10:09:08","slug":"samuel-etienne-marque-au-fer-rouge-les-chatiments-corporels-existaient-encore","status":"publish","type":"post","link":"https:\/\/www.europesays.com\/ch-fr\/291283\/","title":{"rendered":"Samuel \u00c9tienne, marqu\u00e9 au fer rouge\u00a0: \u00ab\u00a0les ch\u00e2timents corporels existaient encore\u00a0\u00bb"},"content":{"rendered":"<p>Autre \u00e9poque. Au casting de la nouvelle promotion de Qui sera le plus nul\u00a0?, <a href=\"https:\/\/www.journaldesfemmes.fr\/people\/personnalites\/2870799-samuel-etienne-sa-bio-sa-chaine-twitch-sa-femme-ses-fils-son-salaire\/\" title=\"Samuel Etienne\" rel=\"nofollow noopener\" target=\"_blank\">Samuel \u00c9tienne<\/a> a expliqu\u00e9 qu&rsquo;il ne gardait pas un bon souvenir de sa scolarit\u00e9 dans une \u00e9tablissement catholique breton tr\u00e8s strict. \u00ab\u00a0En primaire les ch\u00e2timents corporels existaient encore. Il y a des gifles qui se perdaient parfois, des choses que l&rsquo;on ne peut pas entendre aujourd&rsquo;hui donc cette \u00e9cole-l\u00e0, m\u00eame s&rsquo;il y avait des profs exceptionnels qui avaient parfois beaucoup d&rsquo;humanit\u00e9, je ne l&rsquo;ai pas kiff\u00e9e. Je n&rsquo;ai jamais trop aim\u00e9 la discipline, la hi\u00e9rarchie\u2026\u00a0\u00bb, a confi\u00e9 le journaliste de 55 ans \u00e0 T\u00e9l\u00e9-Loisirs.<\/p>\n","protected":false},"excerpt":{"rendered":"Autre \u00e9poque. Au casting de la nouvelle promotion de Qui sera le plus nul\u00a0?, Samuel \u00c9tienne a expliqu\u00e9&hellip;\n","protected":false},"author":2,"featured_media":291284,"comment_status":"","ping_status":"","sticky":false,"template":"","format":"standard","meta":{"footnotes":"","_share_on_mastodon":"0"},"categories":[15],"tags":[158,157,63419,203,113,112,1244,207,864,159,4968,23],"class_list":["post-291283","post","type-post","status-publish","format-standard","has-post-thumbnail","category-people","tag-celebrities","tag-celebrity","tag-cms-journaldesfemmes-3277003","tag-controller-content","tag-divertissement","tag-entertainment","tag-format-reportage","tag-les-histoires-du-jdf","tag-magazine","tag-people","tag-samuel-etienne","tag-suisse"],"share_on_mastodon":{"url":"https:\/\/pubeurope.com\/@ch_fr\/117212228089235948","error":""},"_links":{"self":[{"href":"https:\/\/www.europesays.com\/ch-fr\/wp-json\/wp\/v2\/posts\/291283","targetHints":{"allow":["GET"]}}],"collection":[{"href":"https:\/\/www.europesays.com\/ch-fr\/wp-json\/wp\/v2\/posts"}],"about":[{"href":"https:\/\/www.europesays.com\/ch-fr\/wp-json\/wp\/v2\/types\/post"}],"author":[{"embeddable":true,"href":"https:\/\/www.europesays.com\/ch-fr\/wp-json\/wp\/v2\/users\/2"}],"replies":[{"embeddable":true,"href":"https:\/\/www.europesays.com\/ch-fr\/wp-json\/wp\/v2\/comments?post=291283"}],"version-history":[{"count":0,"href":"https:\/\/www.europesays.com\/ch-fr\/wp-json\/wp\/v2\/posts\/291283\/revisions"}],"wp:featuredmedia":[{"embeddable":true,"href":"https:\/\/www.europesays.com\/ch-fr\/wp-json\/wp\/v2\/media\/291284"}],"wp:attachment":[{"href":"https:\/\/www.europesays.com\/ch-fr\/wp-json\/wp\/v2\/media?parent=291283"}],"wp:term":[{"taxonomy":"category","embeddable":true,"href":"https:\/\/www.europesays.com\/ch-fr\/wp-json\/wp\/v2\/categories?post=291283"},{"taxonomy":"post_tag","embeddable":true,"href":"https:\/\/www.europesays.com\/ch-fr\/wp-json\/wp\/v2\/tags?post=291283"}],"curies":[{"name":"wp","href":"https:\/\/api.w.org\/{rel}","templated":true}]}}