{"id":291311,"date":"2026-09-04T10:27:12","date_gmt":"2026-09-04T10:27:12","guid":{"rendered":"https:\/\/www.europesays.com\/ch-fr\/291311\/"},"modified":"2026-09-04T10:27:12","modified_gmt":"2026-09-04T10:27:12","slug":"tony-gatlif-le-cineaste-de-la-culture-gitane-seteint-a-arles","status":"publish","type":"post","link":"https:\/\/www.europesays.com\/ch-fr\/291311\/","title":{"rendered":"Tony Gatlif: Le cin\u00e9aste de la culture gitane s&rsquo;\u00e9teint \u00e0 Arles"},"content":{"rendered":"<p>Publi\u00e94. septembre 2026, 10:59<\/p>\n<p>Disparition: Chantre de la culture gitane, le cin\u00e9aste Tony Gatlif est d\u00e9c\u00e9d\u00e9<\/p>\n<p>Figure majeure du cin\u00e9ma consacr\u00e9 \u00e0 la culture gitane, le r\u00e9alisateur du film \u00abGadjo Dilo\u00bb est mort \u00e0 l&rsquo;\u00e2ge de 77 ans \u00e0 Arles.<\/p>\n<p><img decoding=\"async\" alt=\"Agence France-Presse \" src=\"https:\/\/www.europesays.com\/ch-fr\/wp-content\/uploads\/2026\/09\/1788517632_965_a1d6783a-0da0-4b91-9b19-c94287065465.jpg\" class=\"sc-4c39d813-1 cpaScU\"\/><img loading=\"lazy\" decoding=\"async\" src=\"https:\/\/www.europesays.com\/ch-fr\/wp-content\/uploads\/2026\/09\/b7835726-cab4-4f27-8e4c-df123150aad4.jpg\" alt=\"R\u00e9alisateur de 25 films, Tony Gatlif travaillait sur un nouveau projet historique.\" title=\"R\u00e9alisateur de 25 films, Tony Gatlif travaillait sur un nouveau projet historique.\"  width=\"1200\" height=\"799\"\/><\/p>\n<p>R\u00e9alisateur de 25 films, Tony Gatlif travaillait sur un nouveau projet historique.<\/p>\n<p>AFP<\/p>\n<p>Le cin\u00e9aste Tony Gatlif, chantre de la culture gitane avec une vingtaine de films dont \u00abGadjo Dilo\u00bb, est d\u00e9c\u00e9d\u00e9 mercredi \u00e0 77 ans, a annonc\u00e9 vendredi sa famille \u00e0 l\u2019AFP. Le r\u00e9alisateur est mort \u00e0 Arles (Bouches-du-Rh\u00f4ne) d\u2019un probl\u00e8me de sant\u00e9 alors qu\u2019il travaillait sur un projet de film historique. \u00abLa beaut\u00e9 de ses films, sa g\u00e9n\u00e9rosit\u00e9, sa joie, sa po\u00e9sie et son amour de la musique resteront pour toujours en nous\u00bb, soulignent son \u00e9pouse, ses enfants et petits-enfants dans un communiqu\u00e9. Ils lui souhaitent \u00abLatcho Drom\u00bb, une expression tzigane signifiant \u00abBonne route\u00bb.<\/p>\n<p>\u00abLatcho Drom\u00bb est le titre de l\u2019un des 25 films r\u00e9alis\u00e9s par Tony Gatlif depuis 1975, dont certains sont devenus des classiques comme \u00abGadjo Dilo\u00bb (1997) ou \u00abExils\u00bb (2004, prix de la mise en sc\u00e8ne \u00e0 Cannes). Son dernier long m\u00e9trage, \u00abAnge\u00bb, est sorti en 2025.<\/p>\n<p>Ses histoires, profond\u00e9ment sociales, sont souvent habit\u00e9es par une musique particuli\u00e8re: le flamenco dans \u00abVengo\u00bb (2000), la musique tzigane dans \u00abLes Princes\u00bb (1983) ou le reb\u00e9tiko, musique traditionnelle n\u00e9e de la fusion entre Gr\u00e8ce et Turquie, dans \u00abDjam\u00bb (2017).<\/p>\n<p>\u00abTony Gatlif avait le go\u00fbt des chemins de traverse, des fronti\u00e8res qui s\u2019effacent, des vies que l\u2019on regarde trop peu. Il filmait la musique, le mouvement, l\u2019exil et la libert\u00e9 avec une \u00e9nergie qui n\u2019appartenait qu\u2019\u00e0 lui\u00bb, a r\u00e9agi la ministre de la Culture Catherine P\u00e9gard sur X.<\/p>\n<p>Changement de nom pour \u00e9viter un renvoi<\/p>\n<p>N\u00e9 Michel Dahamani d\u2019un p\u00e8re kabyle et d\u2019une m\u00e8re gitane le 10 septembre 1948, Tony Gatlif a connu la violence et l\u2019errance apr\u00e8s son d\u00e9part d\u2019Alg\u00e9rie. C\u2019est lors d\u2019un contr\u00f4le de police vers 12 ans qu\u2019il a chang\u00e9 de nom pour \u00e9viter d\u2019\u00eatre renvoy\u00e9 en Alg\u00e9rie, s\u2019appropriant le nom d\u2019un espace vert d\u2019Alger, le parc Gatlif. Apr\u00e8s un passage en maison de correction, il est envoy\u00e9 en Camargue sur d\u00e9cision de justice. Trois ans plus tard, il d\u00e9couvre le th\u00e9\u00e2tre et l\u2019acteur Michel Simon.<\/p>\n<p>\u00abJ\u2019ai men\u00e9 une bataille contre ma destin\u00e9e, contre moi-m\u00eame et ce n\u2019est pas rien\u00bb, avait-il d\u00e9clar\u00e9 \u00e0 l\u2019AFP en 2021. La Camargue \u00abfait partie des choses qui m\u2019ont sauv\u00e9\u00bb. \u00abAvant j\u2019\u00e9tais violent, il ne fallait pas me toucher, j\u2019\u00e9tais un mauvais gar\u00e7on (&#8230;) je n\u2019\u00e9coutais personne, pour moi les grands, tous les gens, \u00e9taient des ennemis\u00bb, avait-il poursuivi. \u00abDu moment o\u00f9 j\u2019ai mis pied en Camargue, j\u2019ai commenc\u00e9 \u00e0 \u00e9couter et \u00e7a tient au respect avec lequel les gens me parlaient, sans pr\u00e9jug\u00e9\u00bb.<\/p>\n<p>Son film le plus connu, \u00abGadjo Dilo\u00bb (\u00abL\u2019\u00e9tranger fou\u00bb), est un hommage \u00e0 la musique tzigane, \u00abune musique qui crie la peur et la douleur d\u2019un peuple qui a mal \u00e0 son \u00e2me\u00bb, selon Tony Gatlif. Il raconte la qu\u00eate d\u2019un jeune Fran\u00e7ais id\u00e9aliste interpr\u00e9t\u00e9 par Romain Duris sur les traces d\u2019une chanteuse qu\u2019il retrouve dans un camp tzigane en Roumanie.<\/p>\n","protected":false},"excerpt":{"rendered":"Publi\u00e94. septembre 2026, 10:59 Disparition: Chantre de la culture gitane, le cin\u00e9aste Tony Gatlif est d\u00e9c\u00e9d\u00e9 Figure majeure&hellip;\n","protected":false},"author":2,"featured_media":291312,"comment_status":"","ping_status":"","sticky":false,"template":"","format":"standard","meta":{"footnotes":"","_share_on_mastodon":"0"},"categories":[15],"tags":[158,157,113,112,159,23],"class_list":["post-291311","post","type-post","status-publish","format-standard","has-post-thumbnail","category-people","tag-celebrities","tag-celebrity","tag-divertissement","tag-entertainment","tag-people","tag-suisse"],"share_on_mastodon":{"url":"https:\/\/pubeurope.com\/@ch_fr\/117212299490989060","error":""},"_links":{"self":[{"href":"https:\/\/www.europesays.com\/ch-fr\/wp-json\/wp\/v2\/posts\/291311","targetHints":{"allow":["GET"]}}],"collection":[{"href":"https:\/\/www.europesays.com\/ch-fr\/wp-json\/wp\/v2\/posts"}],"about":[{"href":"https:\/\/www.europesays.com\/ch-fr\/wp-json\/wp\/v2\/types\/post"}],"author":[{"embeddable":true,"href":"https:\/\/www.europesays.com\/ch-fr\/wp-json\/wp\/v2\/users\/2"}],"replies":[{"embeddable":true,"href":"https:\/\/www.europesays.com\/ch-fr\/wp-json\/wp\/v2\/comments?post=291311"}],"version-history":[{"count":0,"href":"https:\/\/www.europesays.com\/ch-fr\/wp-json\/wp\/v2\/posts\/291311\/revisions"}],"wp:featuredmedia":[{"embeddable":true,"href":"https:\/\/www.europesays.com\/ch-fr\/wp-json\/wp\/v2\/media\/291312"}],"wp:attachment":[{"href":"https:\/\/www.europesays.com\/ch-fr\/wp-json\/wp\/v2\/media?parent=291311"}],"wp:term":[{"taxonomy":"category","embeddable":true,"href":"https:\/\/www.europesays.com\/ch-fr\/wp-json\/wp\/v2\/categories?post=291311"},{"taxonomy":"post_tag","embeddable":true,"href":"https:\/\/www.europesays.com\/ch-fr\/wp-json\/wp\/v2\/tags?post=291311"}],"curies":[{"name":"wp","href":"https:\/\/api.w.org\/{rel}","templated":true}]}}