{"id":291325,"date":"2026-09-04T10:37:11","date_gmt":"2026-09-04T10:37:11","guid":{"rendered":"https:\/\/www.europesays.com\/ch-fr\/291325\/"},"modified":"2026-09-04T10:37:11","modified_gmt":"2026-09-04T10:37:11","slug":"bienne-lance-une-offensive-solaire-sur-ses-batiments-publics","status":"publish","type":"post","link":"https:\/\/www.europesays.com\/ch-fr\/291325\/","title":{"rendered":"Bienne lance une offensive solaire sur ses b\u00e2timents publics"},"content":{"rendered":"<p>\n                Teaserbild-Quelle: Ben Zurgriggen, ville de Bienne\n            <\/p>\n<p>Les autorit\u00e9s<br \/>\nde la cit\u00e9 du Seeland veulent acc\u00e9l\u00e9rer le d\u00e9veloppement des \u00e9nergies renouvelables<br \/>\nen toiture en finan\u00e7ant la cr\u00e9ation de vastes centrales sur divers b\u00e2timents<br \/>\nmunicipaux. Elles entendent stimuler le passage \u00e0 l\u2019autonomie \u00e9nerg\u00e9tique de toute<br \/>\nleur ville. <\/p>\n<p>        <img decoding=\"async\" src=\"https:\/\/www.europesays.com\/ch-fr\/wp-content\/uploads\/2026\/09\/31798_1.png\" alt=\"Bienne solaire\" class=\"img-responsive\"\/><\/p>\n<p class=\"font-size-14 mt-2 mb-0\">Cr\u00e9dit image: Ben Zurgriggen, ville de Bienne<\/p>\n<p class=\"font-size-14 mb-4\">La couverture de la Tissot Arena donne le ton \u00e0 d\u2019importants investissements sur les b\u00e2timents municipaux.<\/p>\n<p>Le<br \/>\nphotovolta\u00efque acc\u00e9l\u00e8re son d\u00e9veloppement dans la cit\u00e9 du Seeland par le biais<br \/>\nde tr\u00e8s gros investissements municipaux. Les autorit\u00e9s biennoises envisagent de<br \/>\nconsacrer plus de deux millions de francs \u00e0 \u00e9quiper huit b\u00e2timents publics de<br \/>\npanneaux solaires. Elles entendent montrer l\u2019exemple aupr\u00e8s de propri\u00e9taires priv\u00e9s<br \/>\n&#8211; entreprises comprises &#8211; toujours frileux \u00e0 s\u2019engager sur le front du<br \/>\nrenouvelable.<\/p>\n<p>Viser<br \/>\nl\u2019autonomie<br \/>Le plan d\u2019action biennois entend jeter les bases strat\u00e9giques du d\u00e9veloppement<br \/>\ndu photovolta\u00efque en toiture par la construction de grandes centrales de<br \/>\nproduction locale d\u2019\u00e9lectricit\u00e9. Il s\u2019agit pour les autorit\u00e9s d\u2019\u00eatre davantage<br \/>\nautonomes dans la production \u00e9nerg\u00e9tique, dans le respect de leurs objectifs fix\u00e9s<br \/>\nen mati\u00e8re de lutte contre le r\u00e9chauffement climatique.<\/p>\n<p>Huit<br \/>\nsites retenus<br \/>Plusieurs grandes structures biennoises, dont la Tissot Arena, ont d\u00e9j\u00e0 franchi<br \/>\nle pas du solaire. La Ville de Bienne a retenu entre autres les sites d\u2019une \u00e9cole<br \/>\net de son centre de recyclage pour leur embo\u00eeter le pas. Son initiative vise \u00e0<br \/>\ncouvrir les besoins annuels en \u00e9lectricit\u00e9 de l\u2019\u00e9quivalent de 350 maisons individuelles,<br \/>\nindique-t-elle dans un communiqu\u00e9. <\/p>\n<p>Un<br \/>\nmouvement cantonal<br \/>Le plan d\u2019action biennois r\u00e9pond aussi \u00e0 une consultation populaire vernoise \u00e0<br \/>\nce sujet. Les nouvelles constructions dans le canton de Berne doivent d\u00e9sormais<br \/>\n\u00eatre \u00e9quip\u00e9es de panneaux photovolta\u00efques. \u00a0Les b\u00e2timents municipaux doivent aussi \u00eatre plus<br \/>\nautonomes en mati\u00e8re de production de courant. C\u2019est dans cet esprit que Bienne<br \/>\nse lance, investissements publics \u00e0 la cl\u00e9. Son Conseil de ville est invit\u00e9 \u00e0<br \/>\nvalider cette strat\u00e9gie \u00e0 mi-septembre. <\/p>\n","protected":false},"excerpt":{"rendered":"Teaserbild-Quelle: Ben Zurgriggen, ville de Bienne Les autorit\u00e9s de la cit\u00e9 du Seeland veulent acc\u00e9l\u00e9rer le d\u00e9veloppement des&hellip;\n","protected":false},"author":2,"featured_media":291326,"comment_status":"","ping_status":"","sticky":false,"template":"","format":"standard","meta":{"footnotes":"","_share_on_mastodon":"0"},"categories":[6],"tags":[192,45,44,43,707,1166,355,17970,92,1162,23,708],"class_list":["post-291325","post","type-post","status-publish","format-standard","has-post-thumbnail","category-economie","tag-berne","tag-business","tag-economie","tag-economy","tag-energie-solaire","tag-enveloppe-du-batiment","tag-environnement","tag-gef_technique","tag-politique","tag-rub_projets","tag-suisse","tag-technique-du-batiment"],"share_on_mastodon":{"url":"https:\/\/pubeurope.com\/@ch_fr\/117212338725112711","error":""},"_links":{"self":[{"href":"https:\/\/www.europesays.com\/ch-fr\/wp-json\/wp\/v2\/posts\/291325","targetHints":{"allow":["GET"]}}],"collection":[{"href":"https:\/\/www.europesays.com\/ch-fr\/wp-json\/wp\/v2\/posts"}],"about":[{"href":"https:\/\/www.europesays.com\/ch-fr\/wp-json\/wp\/v2\/types\/post"}],"author":[{"embeddable":true,"href":"https:\/\/www.europesays.com\/ch-fr\/wp-json\/wp\/v2\/users\/2"}],"replies":[{"embeddable":true,"href":"https:\/\/www.europesays.com\/ch-fr\/wp-json\/wp\/v2\/comments?post=291325"}],"version-history":[{"count":0,"href":"https:\/\/www.europesays.com\/ch-fr\/wp-json\/wp\/v2\/posts\/291325\/revisions"}],"wp:featuredmedia":[{"embeddable":true,"href":"https:\/\/www.europesays.com\/ch-fr\/wp-json\/wp\/v2\/media\/291326"}],"wp:attachment":[{"href":"https:\/\/www.europesays.com\/ch-fr\/wp-json\/wp\/v2\/media?parent=291325"}],"wp:term":[{"taxonomy":"category","embeddable":true,"href":"https:\/\/www.europesays.com\/ch-fr\/wp-json\/wp\/v2\/categories?post=291325"},{"taxonomy":"post_tag","embeddable":true,"href":"https:\/\/www.europesays.com\/ch-fr\/wp-json\/wp\/v2\/tags?post=291325"}],"curies":[{"name":"wp","href":"https:\/\/api.w.org\/{rel}","templated":true}]}}