{"id":291339,"date":"2026-09-04T10:48:08","date_gmt":"2026-09-04T10:48:08","guid":{"rendered":"https:\/\/www.europesays.com\/ch-fr\/291339\/"},"modified":"2026-09-04T10:48:08","modified_gmt":"2026-09-04T10:48:08","slug":"a-quelle-heure-et-sur-quelle-chaine-suivre-le-meeting-de-bruxelles-lequipe","status":"publish","type":"post","link":"https:\/\/www.europesays.com\/ch-fr\/291339\/","title":{"rendered":"\u00c0 quelle heure et sur quelle cha\u00eene suivre le Meeting de Bruxelles ? &#8211; L&#039;\u00c9quipe"},"content":{"rendered":"<p><a href=\"https:\/\/news.google.com\/rss\/articles\/CBMiuwFBVV95cUxNazJnbU1oY2tYUE5hWHJ6cVBIdW85dHBsQ094elltWWlBVDU3bkJNYndydk1sYXYzUWExaVZBUVJtbXlYRW9JYk1rSHJ0bzlqOGdEbmtGSV9hX216RWlzbW1RWXBUbl9WSmV0aHd2WlpMb0JKZDZXUjVNZUVRM0RmdlZwcjdoTk83Z3JDSEU4N3dXZ3FwckZ2NnBabXZJTGVBY29XRWJ6c0FDQUhlVEhSME9sNXVvT2JnRF9r?oc=5\" target=\"_blank\" rel=\"nofollow noopener\">\u00c0 quelle heure et sur quelle cha\u00eene suivre le Meeting de Bruxelles ?<\/a>&nbsp;&nbsp;L&rsquo;\u00c9quipe<a href=\"https:\/\/news.google.com\/rss\/articles\/CBMiswFBVV95cUxOUDdVRzBYc0xsOHNhS0FPTE9ObzJ2dWtVazZmb2pSdXVwczBYdXBjQ1ZWcHk3Tkd5djNlZXA1MjdMWFZ1Z1ExalBONl9fUW54ZzIxODNQYlAwRm1fZ0dxLWY2cXJSMEVPRHJEY1hGZjNXSDdYcUpJWUs4SGFrSzYtRVJwV0ItT2VNQjVweDBta1c2TEx5enBSVWp4bnhrNWpTTUFsOU1QbnljRVB5NGtlLTFYZw?oc=5\" target=\"_blank\" rel=\"nofollow noopener\">ATHLE.FR | Meeting Wanda Diamond League de Bruxelles : Cinq Bleus \u00e0 la chasse au diamant<\/a>&nbsp;&nbsp;F\u00e9d\u00e9ration Fran\u00e7aise d&rsquo;Athl\u00e9tisme<a href=\"https:\/\/news.google.com\/rss\/articles\/CBMieEFVX3lxTE9ONUFtSTh2ZVZzRFNIWnlJZ3RMdXBvaUxkN0s5c0c4bzlPM2dmOFJqbm5mbjJKUnhjdEU0QnNocmNfZERNbmJGLW1RZ0hNcE83WkpXdUxBclFmQkNKUDNrSEdMSVFzSnNBYmNJQlhSNmtSbnh5QlpHTA?oc=5\" target=\"_blank\" rel=\"nofollow noopener\">Les 5 moments \u00e0 suivre lors de la premi\u00e8re soir\u00e9e<\/a>&nbsp;&nbsp;Yahoo Actualit\u00e9s<a href=\"https:\/\/news.google.com\/rss\/articles\/CBMitwFBVV95cUxOaVlZWmxkWHdIcGkwRkV3b05RaWtlT2VsMDBmdjkzMWlYU3BMUHFPOG1JSnpBY25rbzZHcDR1UU1sU0pPbThxY2hYUm11aDEtZnJvMmJfcEZLbGs2LVctclhwV0xWMHA5el81ZzhhVTA4eVhoRHZCVXlPOEpJakpnaEN5cmZGR0dpOVBmV3dtdjB0a2NJQkg2UHlSQ3dKU1FTWHFvWlNwU0Y2NV9Nc0hGV2NJeTVBWkU?oc=5\" target=\"_blank\" rel=\"nofollow noopener\">Athl\u00e9tisme: duels de haute vol\u00e9e et records en danger \u00e0 Bruxelles<\/a>&nbsp;&nbsp;RFI<a href=\"https:\/\/news.google.com\/rss\/articles\/CBMipwFBVV95cUxPb3RDY0xCc0x6dWJWRGNjYkUwRGt5YU1KZmRfU2RhcTVlbG40cWl1TTg4U3Nuem5tamVNdVhKM2dNZy1XNGl5cUZVWW4wRFF5amVyamd6T29zX1Y5dENIaEZielBGSjBjYUlKWHVzR1pBM20zLUVrX20zcFhjendwM3gwRXU4R1hrSGhLRVFSN3NIQl9JajlFYlB1Q2l1dlA1QXFTeDJQcw?oc=5\" target=\"_blank\" rel=\"nofollow noopener\">L&rsquo;\u00e9lite de l&rsquo;athl\u00e9tisme a rendez-vous \u00e0 Bruxelles<\/a>&nbsp;&nbsp;L&rsquo;essentiel<\/p>\n","protected":false},"excerpt":{"rendered":"\u00c0 quelle heure et sur quelle cha\u00eene suivre le Meeting de Bruxelles ?&nbsp;&nbsp;L&rsquo;\u00c9quipeATHLE.FR | Meeting Wanda Diamond League&hellip;\n","protected":false},"author":2,"featured_media":291340,"comment_status":"","ping_status":"","sticky":false,"template":"","format":"standard","meta":{"footnotes":"","_share_on_mastodon":"0"},"categories":[13],"tags":[788,58152,113,112,44642,63422,25226,23,142,63421],"class_list":["post-291339","post","type-post","status-publish","format-standard","has-post-thumbnail","category-television","tag-athletisme","tag-diamond-league","tag-divertissement","tag-entertainment","tag-la-chaine-lequipe","tag-meeting-de-bruxelles","tag-serviciel","tag-suisse","tag-television","tag-victor-andres"],"share_on_mastodon":{"url":"https:\/\/pubeurope.com\/@ch_fr\/117212381432081169","error":""},"_links":{"self":[{"href":"https:\/\/www.europesays.com\/ch-fr\/wp-json\/wp\/v2\/posts\/291339","targetHints":{"allow":["GET"]}}],"collection":[{"href":"https:\/\/www.europesays.com\/ch-fr\/wp-json\/wp\/v2\/posts"}],"about":[{"href":"https:\/\/www.europesays.com\/ch-fr\/wp-json\/wp\/v2\/types\/post"}],"author":[{"embeddable":true,"href":"https:\/\/www.europesays.com\/ch-fr\/wp-json\/wp\/v2\/users\/2"}],"replies":[{"embeddable":true,"href":"https:\/\/www.europesays.com\/ch-fr\/wp-json\/wp\/v2\/comments?post=291339"}],"version-history":[{"count":0,"href":"https:\/\/www.europesays.com\/ch-fr\/wp-json\/wp\/v2\/posts\/291339\/revisions"}],"wp:featuredmedia":[{"embeddable":true,"href":"https:\/\/www.europesays.com\/ch-fr\/wp-json\/wp\/v2\/media\/291340"}],"wp:attachment":[{"href":"https:\/\/www.europesays.com\/ch-fr\/wp-json\/wp\/v2\/media?parent=291339"}],"wp:term":[{"taxonomy":"category","embeddable":true,"href":"https:\/\/www.europesays.com\/ch-fr\/wp-json\/wp\/v2\/categories?post=291339"},{"taxonomy":"post_tag","embeddable":true,"href":"https:\/\/www.europesays.com\/ch-fr\/wp-json\/wp\/v2\/tags?post=291339"}],"curies":[{"name":"wp","href":"https:\/\/api.w.org\/{rel}","templated":true}]}}