{"id":291347,"date":"2026-09-04T10:54:15","date_gmt":"2026-09-04T10:54:15","guid":{"rendered":"https:\/\/www.europesays.com\/ch-fr\/291347\/"},"modified":"2026-09-04T10:54:15","modified_gmt":"2026-09-04T10:54:15","slug":"que-faudra-t-il-planter-au-printemps-5-fleurs-pour-accueillir-le-printemps-2027-dans-une-explosion-de-couleurs","status":"publish","type":"post","link":"https:\/\/www.europesays.com\/ch-fr\/291347\/","title":{"rendered":"Que faudra-t-il planter au printemps ? 5 fleurs pour accueillir le printemps 2027 dans une explosion de couleurs"},"content":{"rendered":"<p> <img decoding=\"async\" fetchpriority=\"high\" src=\"https:\/\/www.europesays.com\/ch-fr\/wp-content\/uploads\/2026\/09\/que-plantar-en-septiembre-5-flores-para-darle-la-bienvenida-a-la-primavera-a-puro-color-178836227316.jpeg\"  width=\"768\" height=\"432\" alt=\"Associer des vari\u00e9t\u00e9s adapt\u00e9es au soleil et \u00e0 l\u2019ombre permet de transformer n\u2019importe quel espace en un coin fleuri et color\u00e9 tout au long du printemps.\" title=\"Associer des vari\u00e9t\u00e9s adapt\u00e9es au soleil et \u00e0 l\u2019ombre permet de transformer n\u2019importe quel espace en un coin fleuri et color\u00e9 tout au long du printemps.\" data-image=\"cp887y38x1of\"\/>Associer des vari\u00e9t\u00e9s adapt\u00e9es au soleil et \u00e0 l\u2019ombre permet de transformer n\u2019importe quel espace en un coin fleuri et color\u00e9 tout au long du printemps.   <img decoding=\"async\" fetchpriority=\"high\" src=\"https:\/\/www.europesays.com\/ch-fr\/wp-content\/uploads\/2026\/09\/mariela-de-diego.jpg\" alt=\"Mariela de Diego\" width=\"40\" height=\"40\"\/>    <a class=\"nombre text-hv\" href=\"https:\/\/www.tameteo.com\/auteur\/mariela-de-diego\/\" title=\"Mariela de Diego\" data-mrf-recirculation=\"pre_article_author\" rel=\"nofollow noopener\" target=\"_blank\">Mariela de Diego<\/a> Meteored Argentine       04\/09\/2026 09:02   6 min    <\/p>\n<p>Voici une s\u00e9lection de cinq plantes id\u00e9ales pour profiter de couleurs intenses tout au long de la saison chaude.<\/p>\n<p>1. Les p\u00e9tunias : un tapis iris\u00e9<\/p>\n<p>Ils sont les grandes vedettes de la saison gr\u00e2ce \u00e0 leur floraison abondante et \u00e0 leurs couleurs allant du violet et du rose au rouge et au blanc. Ils se cultivent tr\u00e8s bien en pot, notamment dans des suspensions ou des jardini\u00e8res, o\u00f9 leur port l\u00e9g\u00e8rement retombant r\u00e9v\u00e8le toute sa splendeur.<\/p>\n<p><img decoding=\"async\" fetchpriority=\"low\" class=\"lazy \" src=\"https:\/\/www.europesays.com\/ch-fr\/wp-content\/uploads\/2026\/09\/que-plantar-en-septiembre-5-flores-para-darle-la-bienvenida-a-la-primavera-a-puro-color-178836241227.jpeg\"  width=\"768\" height=\"432\" alt=\"Ils ont besoin d\u2019au moins quatre heures de soleil direct par jour pour offrir une floraison abondante en pot ou sur un balcon.\" title=\"Ils ont besoin d\u2019au moins quatre heures de soleil direct par jour pour offrir une floraison abondante en pot ou sur un balcon.\" data-image=\"ikueyikthd00\"\/>Ils ont besoin d\u2019au moins quatre heures de soleil direct par jour pour offrir une floraison abondante en pot ou sur un balcon.<\/p>\n<p>Ils ont besoin d\u2019une exposition en plein soleil : il est donc pr\u00e9f\u00e9rable de les placer dans un endroit o\u00f9 ils recevront au moins quatre \u00e0 cinq heures de lumi\u00e8re directe par jour. Leur arrosage doit rester mod\u00e9r\u00e9 ; l\u2019essentiel est de maintenir le substrat l\u00e9g\u00e8rement humide sans d\u00e9tremper la terre.<\/p>\n<p>2. Les soucis : chaleur et robustesse<\/p>\n<p>Leurs teintes jaunes et orange \u00e9clatantes illuminent n\u2019importe quel espace. Outre leur valeur d\u00e9corative incontestable, ils sont de pr\u00e9cieux alli\u00e9s du potager et du jardin, car ils attirent les insectes pollinisateurs et contribuent \u00e0 repousser naturellement certains ravageurs.<\/p>\n<p><img decoding=\"async\" fetchpriority=\"low\" class=\"lazy \" src=\"https:\/\/www.europesays.com\/ch-fr\/wp-content\/uploads\/2026\/09\/que-plantar-en-septiembre-5-flores-para-darle-la-bienvenida-a-la-primavera-a-puro-color-178836250739.jpeg\"  width=\"768\" height=\"432\" alt=\"En plus d\u2019apporter une intense couleur orang\u00e9e, le souci attire les pollinisateurs et contribue \u00e0 prot\u00e9ger le jardin contre les ravageurs.\" title=\"En plus d\u2019apporter une intense couleur orang\u00e9e, le souci attire les pollinisateurs et contribue \u00e0 prot\u00e9ger le jardin contre les ravageurs.\" data-image=\"vxy2x024qshg\"\/>En plus d\u2019apporter une intense couleur orang\u00e9e, le souci attire les pollinisateurs et contribue \u00e0 prot\u00e9ger le jardin contre les ravageurs.<\/p>\n<p>Ils pr\u00e9f\u00e8rent le plein soleil, mais tol\u00e8rent sans difficult\u00e9 une l\u00e9g\u00e8re mi-ombre, \u00e0 condition que l\u2019environnement reste lumineux. Leurs besoins en eau sont faibles \u00e0 mod\u00e9r\u00e9s, car ils supportent bien de courtes p\u00e9riodes de s\u00e9cheresse sans perdre leur vitalit\u00e9.<\/p>\n<p>Ils s\u2019adaptent parfaitement \u00e0 la culture dans des pots de taille moyenne, \u00e0 condition que les contenants disposent d\u2019un bon syst\u00e8me de drainage.<\/p>\n<p>3. Les zinnias : la r\u00e9sistance faite fleur<\/p>\n<p>Ils sont parfaits si vous recherchez un fort impact visuel avec peu d\u2019entretien. Leurs p\u00e9tales superpos\u00e9s semblent faits de papier et se d\u00e9clinent dans des teintes allant du jaune au pourpre.<\/p>\n<p><img decoding=\"async\" fetchpriority=\"low\" class=\"lazy \" src=\"https:\/\/www.europesays.com\/ch-fr\/wp-content\/uploads\/2026\/09\/que-plantar-en-septiembre-5-flores-para-darle-la-bienvenida-a-la-primavera-a-puro-color-178836257033.jpeg\"  width=\"768\" height=\"432\" alt=\"R\u00e9sistants et faciles d\u2019entretien, les zinnias se distinguent par leurs p\u00e9tales fermes aux couleurs \u00e9clatantes et supportent tr\u00e8s bien une exposition en plein soleil.\" title=\"R\u00e9sistants et faciles d\u2019entretien, les zinnias se distinguent par leurs p\u00e9tales fermes aux couleurs \u00e9clatantes et supportent tr\u00e8s bien une exposition en plein soleil.\" data-image=\"txgm0aw9lbte\"\/>R\u00e9sistants et faciles d\u2019entretien, les zinnias se distinguent par leurs p\u00e9tales fermes aux couleurs \u00e9clatantes et supportent tr\u00e8s bien une exposition en plein soleil.<\/p>\n<p>Ils ont besoin de recevoir la lumi\u00e8re directe du soleil pendant la majeure partie de la journ\u00e9e afin de d\u00e9velopper des tiges robustes et des fleurs saines. L\u2019arrosage doit \u00eatre mod\u00e9r\u00e9 : veillez \u00e0 humidifier uniquement la terre au niveau des racines, sans mouiller le feuillage. Cette technique simple permet de pr\u00e9venir l\u2019apparition de maladies fongiques.<\/p>\n<p>Ils se cultivent tr\u00e8s bien en pot ou en jardini\u00e8re, mais, dans les espaces r\u00e9duits, il est pr\u00e9f\u00e9rable de choisir des vari\u00e9t\u00e9s naines.<\/p>\n<p>4. Les impatientes (Impatiens) : de la couleur dans les coins ombrag\u00e9s<\/p>\n<p>Tous les balcons et toutes les terrasses ne b\u00e9n\u00e9ficient pas d\u2019un ensoleillement direct toute la journ\u00e9e. Si c\u2019est votre cas, les impatientes constituent un choix id\u00e9al. Elles s\u2019\u00e9panouissent \u00e0 l\u2019ombre ou \u00e0 la mi-ombre, \u00e0 condition de b\u00e9n\u00e9ficier d\u2019une bonne luminosit\u00e9, car le soleil direct de la mi-journ\u00e9e risque de br\u00fbler leurs feuilles.<\/p>\n<p><img decoding=\"async\" fetchpriority=\"low\" class=\"lazy \" src=\"https:\/\/www.europesays.com\/ch-fr\/wp-content\/uploads\/2026\/09\/que-plantar-en-septiembre-5-flores-para-darle-la-bienvenida-a-la-primavera-a-puro-color-178836266705.jpeg\"  width=\"768\" height=\"432\" alt=\"Les impatientes sont id\u00e9ales pour les espaces sans soleil direct : elles apportent de la couleur aux coins ombrag\u00e9s, \u00e0 condition de b\u00e9n\u00e9ficier d\u2019un arrosage r\u00e9gulier.\" title=\"Les impatientes sont id\u00e9ales pour les espaces sans soleil direct : elles apportent de la couleur aux coins ombrag\u00e9s, \u00e0 condition de b\u00e9n\u00e9ficier d\u2019un arrosage r\u00e9gulier.\" data-image=\"3q0j9losfj4i\"\/>Les impatientes sont id\u00e9ales pour les espaces sans soleil direct : elles apportent de la couleur aux coins ombrag\u00e9s, \u00e0 condition de b\u00e9n\u00e9ficier d\u2019un arrosage r\u00e9gulier.<\/p>\n<p>Elles n\u00e9cessitent des arrosages fr\u00e9quents afin de maintenir un sol toujours frais et constamment humide, tout en veillant \u00e0 ce que l\u2019eau s\u2019\u00e9vacue correctement pour \u00e9viter toute stagnation. Elles sont id\u00e9ales dans des pots de taille moyenne et embellissent parfaitement les jardini\u00e8res de balcon.<\/p>\n<p>5. Les \u0153illets : \u00e9l\u00e9gance et parfum durable<\/p>\n<p>Leurs p\u00e9tales aux bords festonn\u00e9s se d\u00e9clinent dans une vaste palette allant du blanc pur au grenat intense.<\/p>\n<p><img decoding=\"async\" fetchpriority=\"low\" class=\"lazy \" src=\"https:\/\/www.europesays.com\/ch-fr\/wp-content\/uploads\/2026\/09\/que-plantar-en-septiembre-5-flores-para-darle-la-bienvenida-a-la-primavera-a-puro-color-178836277851.jpeg\"  width=\"768\" height=\"432\" alt=\"Ils poussent tr\u00e8s bien dans des pots individuels et r\u00e9sistent \u00e0 un ensoleillement intense.\" title=\"Ils poussent tr\u00e8s bien dans des pots individuels et r\u00e9sistent \u00e0 un ensoleillement intense.\" data-image=\"3o6sk3ifsbqi\"\/>Ils poussent tr\u00e8s bien dans des pots individuels et r\u00e9sistent \u00e0 un ensoleillement intense.<\/p>\n<p>Ils expriment tout leur potentiel lorsqu\u2019ils b\u00e9n\u00e9ficient d\u2019une exposition en plein soleil ou d\u2019une lumi\u00e8re directe tr\u00e8s intense. Leurs besoins en eau sont faibles \u00e0 mod\u00e9r\u00e9s, car ils tol\u00e8rent mieux un manque d\u2019eau ponctuel qu\u2019un substrat d\u00e9tremp\u00e9.<\/p>\n<p>Ils poussent tr\u00e8s bien dans des pots individuels, car leur syst\u00e8me racinaire n\u2019est pas envahissant et permet de g\u00e9rer facilement l\u2019espace disponible.<\/p>\n<p><a class=\"imagen \" href=\"https:\/\/www.tameteo.com\/actualites\/previsions\/c-est-confirme-5-departements-en-vigilance-orange-canicule-des-demain-midi-10-en-jaune-40-degres-attendus-en-france-fournaise.html\" title=\"C&#039;est confirm\u00e9 : 5 d\u00e9partements en vigilance orange canicule d\u00e8s demain midi, 10 en jaune. \u00c9ni\u00e8me fournaise en France\" rel=\"nofollow noopener\" target=\"_blank\"><img decoding=\"async\" fetchpriority=\"low\" class=\"lazy img-body non-editable\" src=\"https:\/\/www.europesays.com\/ch-fr\/wp-content\/uploads\/2026\/09\/c-est-confirme-5-departements-en-vigilance-orange-canicule-des-demain-midi-10-en-jaune-40-degres-att.jpeg\"  width=\"320\" height=\"225\"\/><\/a><\/p>\n<p>Durant les premi\u00e8res semaines de mars, l\u2019amplitude thermique est souvent marqu\u00e9e, avec des journ\u00e9es douces et des nuits encore fra\u00eeches. Pour favoriser le bon d\u00e9veloppement des plantes, il est essentiel d\u2019utiliser un substrat l\u00e9ger, riche en mati\u00e8re organique et bien a\u00e9r\u00e9.<\/p>\n<p>Par ailleurs, retirer les fleurs fan\u00e9es au fur et \u00e0 mesure qu\u2019elles s\u00e8chent permet \u00e0 la plante de concentrer son \u00e9nergie sur la production continue de nouveaux boutons floraux tout au long du printemps.<\/p>\n","protected":false},"excerpt":{"rendered":"Associer des vari\u00e9t\u00e9s adapt\u00e9es au soleil et \u00e0 l\u2019ombre permet de transformer n\u2019importe quel espace en un coin&hellip;\n","protected":false},"author":2,"featured_media":291348,"comment_status":"","ping_status":"","sticky":false,"template":"","format":"standard","meta":{"footnotes":"","_share_on_mastodon":"0"},"categories":[7],"tags":[11247,4167,23011,1661,61,57,59,58,23,60,62],"class_list":["post-291347","post","type-post","status-publish","format-standard","has-post-thumbnail","category-sciences-et-technologies","tag-jardinage","tag-mars","tag-plantes","tag-printemps","tag-science","tag-science-and-technology","tag-sciences","tag-sciences-et-technologies","tag-suisse","tag-technologies","tag-technology"],"share_on_mastodon":{"url":"https:\/\/pubeurope.com\/@ch_fr\/117212405853858186","error":""},"_links":{"self":[{"href":"https:\/\/www.europesays.com\/ch-fr\/wp-json\/wp\/v2\/posts\/291347","targetHints":{"allow":["GET"]}}],"collection":[{"href":"https:\/\/www.europesays.com\/ch-fr\/wp-json\/wp\/v2\/posts"}],"about":[{"href":"https:\/\/www.europesays.com\/ch-fr\/wp-json\/wp\/v2\/types\/post"}],"author":[{"embeddable":true,"href":"https:\/\/www.europesays.com\/ch-fr\/wp-json\/wp\/v2\/users\/2"}],"replies":[{"embeddable":true,"href":"https:\/\/www.europesays.com\/ch-fr\/wp-json\/wp\/v2\/comments?post=291347"}],"version-history":[{"count":0,"href":"https:\/\/www.europesays.com\/ch-fr\/wp-json\/wp\/v2\/posts\/291347\/revisions"}],"wp:featuredmedia":[{"embeddable":true,"href":"https:\/\/www.europesays.com\/ch-fr\/wp-json\/wp\/v2\/media\/291348"}],"wp:attachment":[{"href":"https:\/\/www.europesays.com\/ch-fr\/wp-json\/wp\/v2\/media?parent=291347"}],"wp:term":[{"taxonomy":"category","embeddable":true,"href":"https:\/\/www.europesays.com\/ch-fr\/wp-json\/wp\/v2\/categories?post=291347"},{"taxonomy":"post_tag","embeddable":true,"href":"https:\/\/www.europesays.com\/ch-fr\/wp-json\/wp\/v2\/tags?post=291347"}],"curies":[{"name":"wp","href":"https:\/\/api.w.org\/{rel}","templated":true}]}}