{"id":291355,"date":"2026-09-04T10:58:52","date_gmt":"2026-09-04T10:58:52","guid":{"rendered":"https:\/\/www.europesays.com\/ch-fr\/291355\/"},"modified":"2026-09-04T10:58:52","modified_gmt":"2026-09-04T10:58:52","slug":"patrick-frei-nouvelle-enquete-contre-lancien-depute-udc","status":"publish","type":"post","link":"https:\/\/www.europesays.com\/ch-fr\/291355\/","title":{"rendered":"Patrick Frei : nouvelle enqu\u00eate contre l&rsquo;ancien d\u00e9put\u00e9 UDC"},"content":{"rendered":"\n<p>Le Minist\u00e8re public argovien a ouvert une nouvelle enqu\u00eate p\u00e9nale contre l&rsquo;ancien d\u00e9put\u00e9 UDC Patrick Frei, 57 ans, apr\u00e8s une perquisition \u00e0 son domicile.Les enqu\u00eateurs ont saisi de nouveaux supports de donn\u00e9es qui contiennent probablement un volume important d&rsquo;informations li\u00e9es aux infractions d\u00e9j\u00e0 reproch\u00e9es.Aucune nouvelle victime n&rsquo;a \u00e9t\u00e9 identifi\u00e9e \u00e0 ce stade, mais la justice informerait directement les femmes d\u00e9j\u00e0 reconnues si leurs images apparaissaient.Le parquet argovien requiert la prison \u00e0 vie pour tentative de meurtre et infractions sexuelles graves sur plusieurs femmes et une mineure.<\/p>\n<p>Ce r\u00e9sum\u00e9 a-t-il \u00e9t\u00e9 utile ?<\/p>\n<p>    \u2139\ufe0f R\u00e9sum\u00e9 propos\u00e9 par l&rsquo;IA et valid\u00e9 par nos journalistes. <a class=\"article-summary-info__link\" href=\"https:\/\/www.rts.ch\/entreprise\/2025\/article\/charte-sur-l-utilisation-de-l-ia-a-la-rts-29020587.html\" rel=\"nofollow noopener\" target=\"_blank\">En savoir plus<\/a>  <\/p>\n<p> Masquer  <\/p>\n","protected":false},"excerpt":{"rendered":"Le Minist\u00e8re public argovien a ouvert une nouvelle enqu\u00eate p\u00e9nale contre l&rsquo;ancien d\u00e9put\u00e9 UDC Patrick Frei, 57 ans,&hellip;\n","protected":false},"author":2,"featured_media":291356,"comment_status":"","ping_status":"","sticky":false,"template":"","format":"standard","meta":{"footnotes":"","_share_on_mastodon":"0"},"categories":[4],"tags":[22,516,503,504,318,711,508,39,2195,21,1252,63423,23,1255,443],"class_list":["post-291355","post","type-post","status-publish","format-standard","has-post-thumbnail","category-actualites","tag-actualites","tag-autres-cantons","tag-criminalite","tag-droit-et-justice","tag-enquete","tag-forces-de-lordre","tag-jugement","tag-justice","tag-ministere-public-de-la-confederation","tag-news","tag-parlement-cantonal","tag-patrick-frei","tag-suisse","tag-udc","tag-victime"],"share_on_mastodon":{"url":"https:\/\/pubeurope.com\/@ch_fr\/117212424584600040","error":""},"_links":{"self":[{"href":"https:\/\/www.europesays.com\/ch-fr\/wp-json\/wp\/v2\/posts\/291355","targetHints":{"allow":["GET"]}}],"collection":[{"href":"https:\/\/www.europesays.com\/ch-fr\/wp-json\/wp\/v2\/posts"}],"about":[{"href":"https:\/\/www.europesays.com\/ch-fr\/wp-json\/wp\/v2\/types\/post"}],"author":[{"embeddable":true,"href":"https:\/\/www.europesays.com\/ch-fr\/wp-json\/wp\/v2\/users\/2"}],"replies":[{"embeddable":true,"href":"https:\/\/www.europesays.com\/ch-fr\/wp-json\/wp\/v2\/comments?post=291355"}],"version-history":[{"count":0,"href":"https:\/\/www.europesays.com\/ch-fr\/wp-json\/wp\/v2\/posts\/291355\/revisions"}],"wp:featuredmedia":[{"embeddable":true,"href":"https:\/\/www.europesays.com\/ch-fr\/wp-json\/wp\/v2\/media\/291356"}],"wp:attachment":[{"href":"https:\/\/www.europesays.com\/ch-fr\/wp-json\/wp\/v2\/media?parent=291355"}],"wp:term":[{"taxonomy":"category","embeddable":true,"href":"https:\/\/www.europesays.com\/ch-fr\/wp-json\/wp\/v2\/categories?post=291355"},{"taxonomy":"post_tag","embeddable":true,"href":"https:\/\/www.europesays.com\/ch-fr\/wp-json\/wp\/v2\/tags?post=291355"}],"curies":[{"name":"wp","href":"https:\/\/api.w.org\/{rel}","templated":true}]}}