{"id":291357,"date":"2026-09-04T10:59:27","date_gmt":"2026-09-04T10:59:27","guid":{"rendered":"https:\/\/www.europesays.com\/ch-fr\/291357\/"},"modified":"2026-09-04T10:59:27","modified_gmt":"2026-09-04T10:59:27","slug":"stephane-bern-prend-les-commandes-de-la-carte-aux-tresors-un-defi-inattendu-sur-france-3","status":"publish","type":"post","link":"https:\/\/www.europesays.com\/ch-fr\/291357\/","title":{"rendered":"St\u00e9phane Bern prend les commandes de La Carte aux tr\u00e9sors : un d\u00e9fi inattendu sur France 3"},"content":{"rendered":"<p>Impossible d\u2019\u00e9voquer la t\u00e9l\u00e9vision fran\u00e7aise sans citer <a href=\"http:\/\/www.ohmymag.com\/people\/actu-people\/stephane-bern-prend-la-releve-sur-la-carte-aux-tresors_art193578.html\" rel=\"nofollow noopener\" target=\"_blank\">St\u00e9phane Bern<\/a>. V\u00e9ritable r\u00e9f\u00e9rence du patrimoine \u00e0 l\u2019\u00e9cran, ce sp\u00e9cialiste du r\u00e9cit historique anime depuis des ann\u00e9es des programmes iconiques, du <a href=\"http:\/\/www.ohmymag.com\/life\/kaysesrberg-le-village-alsacien-a-ete-elu-village-prefere-des-francais-2017_art107504.html\" rel=\"nofollow noopener\" target=\"_blank\">Village pr\u00e9f\u00e9r\u00e9 des Fran\u00e7ais<\/a> \u00e0 Secrets d\u2019Histoire. Tout juste \u00e2g\u00e9 de 62 ans, il franchit une nouvelle \u00e9tape en succ\u00e9dant \u00e0 Cyril F\u00e9raud \u00e0 la pr\u00e9sentation de <a href=\"http:\/\/www.ohmymag.com\/news\/television\/la-carte-aux-tresors-voici-quel-celebre-animateur-va-remplacer-cyril-feraud_art172097.html\" rel=\"nofollow noopener\" target=\"_blank\">La Carte aux tr\u00e9sors<\/a> sur France 3. Ce vendredi 4 septembre marque ainsi ses d\u00e9buts dans ce jeu d\u2019aventure mythique, o\u00f9 d\u00e9couverte et comp\u00e9tition se m\u00ealent \u00e0 chaque \u00e9pisode. Derri\u00e8re cette arriv\u00e9e, une motivation : offrir un souffle nouveau \u00e0 une \u00e9mission qui, depuis sa relance en 2018, s\u00e9duit autant les passionn\u00e9s de patrimoine que les amateurs d\u2019\u00e9nigmes. Mais attention : l\u2019aventure ne s\u2019annonce pas de tout repos pour cet animateur chevronn\u00e9, qui n\u2019a pas h\u00e9sit\u00e9 \u00e0 postuler lui-m\u00eame pour relever cet enjeu\u2026<\/p>\n<p>La Carte aux tr\u00e9sors par St\u00e9phane Bern : une exp\u00e9rience \u00ab la plus \u00e9puisante \u00bb de sa carri\u00e8re<\/p>\n<p>Pour St\u00e9phane Bern, la prise de commandes de La Carte aux tr\u00e9sors ne s\u2019apparente pas \u00e0 une simple nouvelle case dans sa riche carri\u00e8re : il s\u2019agit bel et bien d\u2019une \u00e9preuve in\u00e9dite, \u00ab la plus \u00e9puisante \u00bb de toutes les \u00e9missions qu\u2019il ait anim\u00e9es, selon ses propres mots. Ce format culte, remis au go\u00fbt du jour en 2018, maintient sa m\u00e9canique exigeante : trois \u00e9nigmes \u00e0 r\u00e9soudre, la chasse aux indices sur la Rose des vents, puis une derni\u00e8re \u00e9tape pour tenter de d\u00e9crocher jusqu\u2019\u00e0 4 000 euros suppl\u00e9mentaires dans le Tr\u00e9sor.<\/p>\n<p>St\u00e9phane Bern ne cache pas la dimension physique du tournage : il a d\u00e9j\u00e0 encha\u00een\u00e9 trois \u00e9pisodes en bo\u00eete et s&rsquo;appr\u00eate \u00e0 renouveler l\u2019exp\u00e9rience avec trois num\u00e9ros pr\u00e9vus pour mai prochain, suivis de deux autres en septembre. Son rythme annuel pourrait ainsi atteindre cinq \u00e9missions, si France T\u00e9l\u00e9visions donne le feu vert, rythme digne des plus grands jeux d\u2019aventure.<\/p>\n<p>L\u2019adaptation a n\u00e9cessit\u00e9 de pr\u00e9cieux conseils de son pr\u00e9d\u00e9cesseur <a href=\"http:\/\/www.ohmymag.com\/people\/actu-people\/cyril-feraud-tire-sa-reverence-a-la-carte-aux-tresors-huit-ans-daventure-et-de-passion_art185815.html\" rel=\"nofollow noopener\" target=\"_blank\">Cyril F\u00e9raud<\/a>. On retiendra notamment ce clin d\u2019\u0153il : pour affronter les secousses de l\u2019h\u00e9licopt\u00e8re, il faut \u00ab manger tous les quarts d\u2019heure et caler son estomac avec du pain \u00bb ! St\u00e9phane Bern l\u2019\u00e9voque d\u2019ailleurs sans d\u00e9tour en racontant l\u2019\u00e9change avec l\u2019ancien animateur : \u00ab J\u2019aimerais bien prendre ton \u00e9mission \u00bb glisse-t-il \u00e0 Cyril F\u00e9raud, avant de tenir \u00e0 apporter sa touche, tout en s\u2019amusant du d\u00e9fi. Ce changement d\u2019animateur marque ainsi une nouvelle \u00e8re pour l\u2019\u00e9mission, tout en soulignant la difficult\u00e9 d\u2019un format \u00e0 la fois patrimonial et ultra-dynamique.<\/p>\n<p>Le jeu reste suspendu \u00e0 ses audiences : la reconduction de l\u2019\u00e9mission chaque saison n\u2019est jamais acquise, ce qui ajoute du suspense\u2026 m\u00eame en coulisses !<\/p>\n<p>St\u00e9phane Bern multiplie les projets : patrimoine, livres et causes solidaires<\/p>\n<p>Si St\u00e9phane Bern se lance pleinement dans La Carte aux tr\u00e9sors, il n\u2019en d\u00e9laisse pas pour autant ses engagements historiques. Il poursuit l\u2019animation de <a href=\"http:\/\/www.ohmymag.com\/people\/actu-people\/stephane-bern-repond-aux-rumeurs-sur-secrets-dhistoire_art190843.html\" rel=\"nofollow noopener\" target=\"_blank\">Secrets d\u2019Histoire<\/a> et pr\u00e9pare, d\u00e8s \u00e0 pr\u00e9sent, le vingti\u00e8me anniversaire de cette \u00e9mission phare, attendu pour juin 2027. Dans le m\u00eame temps, ses autres formats d\u00e9di\u00e9s au patrimoine, tels que Le Monument pr\u00e9f\u00e9r\u00e9 des Fran\u00e7ais et Laissez-vous guider ou encore Le grand show de Versailles continuent de rythmer sa rentr\u00e9e.<\/p>\n<p>L\u2019impact de la Mission Patrimoine, dont il a fait une cause nationale, force le respect : 1 100 sites ont \u00e9t\u00e9 restaur\u00e9s ou sont en cours, et quelque 380 millions d\u2019euros ont \u00e9t\u00e9 r\u00e9colt\u00e9s gr\u00e2ce \u00e0 la Fondation du patrimoine. Cette mission, pr\u00e9sidentielle de nature, suspend n\u00e9anmoins son avenir \u00e0 la d\u00e9cision du prochain chef de l\u2019\u00c9tat, St\u00e9phane Bern pr\u00e9f\u00e9rant, l\u00e0 aussi, avancer \u00ab au jour le jour \u00bb.<\/p>\n<p>L\u2019animateur ne s\u2019arr\u00eate pas l\u00e0. Grand d\u00e9fenseur du patrimoine et v\u00e9ritable plume, il s\u2019appr\u00eate \u00e0 publier la quinzi\u00e8me \u00e9dition du Village pr\u00e9f\u00e9r\u00e9 des Fran\u00e7ais chez Fayard, un livre sur la monarchie alaouite et Mohammed VI (sortie pr\u00e9vue en octobre), sans oublier un ouvrage consacr\u00e9 \u00e0 Alice Heine, finalis\u00e9 cet \u00e9t\u00e9. C\u00f4t\u00e9 vie priv\u00e9e, il n\u2019est pas en reste : son compagnon Yori Bailleres lance la collection Animal Lovers, o\u00f9 deux euros seront revers\u00e9s \u00e0 la SPA pour chaque v\u00eatement vendu. Une nouvelle collection tourn\u00e9e vers le patrimoine est d\u00e9j\u00e0 en pr\u00e9paration, preuve que, pour St\u00e9phane Bern, la passion ne conna\u00eet d\u00e9cid\u00e9ment pas de repos.<\/p>\n<p>Son engagement total s\u2019incarne aussi dans ses mots : \u00ab Je ne suis pas un historien, je suis un raconteur d\u2019histoires \u00bb ou encore \u00ab Je suis heureux, parce que les Fran\u00e7ais m\u2019ont fait confiance \u00bb. Ces confidences montrent le lien authentique qu\u2019il tisse avec le public, ponctu\u00e9 tant\u00f4t par la p\u00e9dagogie, tant\u00f4t par la convivialit\u00e9, toujours port\u00e9 par une ind\u00e9fectible \u00e9nergie.<\/p>\n<p>Sources : Gala.fr<\/p>\n<p>\u00c0 lire aussi :<\/p>\n<p><a href=\"https:\/\/www.ohmymag.com\/people\/actu-people\/stephane-bern-prend-la-releve-sur-la-carte-aux-tresors_art193578.html\" rel=\"nofollow noopener\" target=\"_blank\">St\u00e9phane Bern prend la rel\u00e8ve sur La Carte aux Tr\u00e9sors<\/a><\/p>\n<p><a href=\"https:\/\/www.ohmymag.com\/people\/actu-people\/stephane-bern-son-college-royal-du-perche-a-4-millions-deuros_art193427.html\" rel=\"nofollow noopener\" target=\"_blank\">St\u00e9phane Bern : son Coll\u00e8ge royal du Perche \u00e0 4 millions d\u2019euros<\/a><\/p>\n<p><a href=\"https:\/\/www.ohmymag.com\/news\/television\/audiences-tv-mercredi-5-aout-2026-sirenes-seduit-sur-tf1-code-rouge-peine-sur-france-2-stephane-bern-distance_art193461.html\" rel=\"nofollow noopener\" target=\"_blank\">Audiences TV (mercredi 5 ao\u00fbt 2026) : Sir\u00e8nes s\u00e9duit sur TF1, Code rouge peine sur France 2, St\u00e9phane Bern distanc\u00e9<\/a><\/p>\n","protected":false},"excerpt":{"rendered":"Impossible d\u2019\u00e9voquer la t\u00e9l\u00e9vision fran\u00e7aise sans citer St\u00e9phane Bern. V\u00e9ritable r\u00e9f\u00e9rence du patrimoine \u00e0 l\u2019\u00e9cran, ce sp\u00e9cialiste du&hellip;\n","protected":false},"author":2,"featured_media":291358,"comment_status":"","ping_status":"","sticky":false,"template":"","format":"standard","meta":{"footnotes":"","_share_on_mastodon":"0"},"categories":[20],"tags":[42989,4535,193,192,1691,1073,23],"class_list":["post-291357","post","type-post","status-publish","format-standard","has-post-thumbnail","category-berne","tag-actualitu00e9","tag-animateur","tag-bern","tag-berne","tag-france-3","tag-stu00e9phane-bern","tag-suisse"],"share_on_mastodon":{"url":"https:\/\/pubeurope.com\/@ch_fr\/117212424691356158","error":""},"_links":{"self":[{"href":"https:\/\/www.europesays.com\/ch-fr\/wp-json\/wp\/v2\/posts\/291357","targetHints":{"allow":["GET"]}}],"collection":[{"href":"https:\/\/www.europesays.com\/ch-fr\/wp-json\/wp\/v2\/posts"}],"about":[{"href":"https:\/\/www.europesays.com\/ch-fr\/wp-json\/wp\/v2\/types\/post"}],"author":[{"embeddable":true,"href":"https:\/\/www.europesays.com\/ch-fr\/wp-json\/wp\/v2\/users\/2"}],"replies":[{"embeddable":true,"href":"https:\/\/www.europesays.com\/ch-fr\/wp-json\/wp\/v2\/comments?post=291357"}],"version-history":[{"count":0,"href":"https:\/\/www.europesays.com\/ch-fr\/wp-json\/wp\/v2\/posts\/291357\/revisions"}],"wp:featuredmedia":[{"embeddable":true,"href":"https:\/\/www.europesays.com\/ch-fr\/wp-json\/wp\/v2\/media\/291358"}],"wp:attachment":[{"href":"https:\/\/www.europesays.com\/ch-fr\/wp-json\/wp\/v2\/media?parent=291357"}],"wp:term":[{"taxonomy":"category","embeddable":true,"href":"https:\/\/www.europesays.com\/ch-fr\/wp-json\/wp\/v2\/categories?post=291357"},{"taxonomy":"post_tag","embeddable":true,"href":"https:\/\/www.europesays.com\/ch-fr\/wp-json\/wp\/v2\/tags?post=291357"}],"curies":[{"name":"wp","href":"https:\/\/api.w.org\/{rel}","templated":true}]}}