{"id":291387,"date":"2026-09-04T11:22:11","date_gmt":"2026-09-04T11:22:11","guid":{"rendered":"https:\/\/www.europesays.com\/ch-fr\/291387\/"},"modified":"2026-09-04T11:22:11","modified_gmt":"2026-09-04T11:22:11","slug":"sante-helene-segara-confie-se-battre-contre-la-maladie-et-avoir-perdu-un-oeil-jai-eu-22-chirurgies-le-dauphine-libere","status":"publish","type":"post","link":"https:\/\/www.europesays.com\/ch-fr\/291387\/","title":{"rendered":"Sant\u00e9. H\u00e9l\u00e8ne S\u00e9gara confie se battre contre la maladie et avoir perdu un oeil : \u00ab J&#039;ai eu 22 chirurgies \u00bb &#8211; Le Dauphin\u00e9 Lib\u00e9r\u00e9"},"content":{"rendered":"<p><a href=\"https:\/\/news.google.com\/rss\/articles\/CBMi1gFBVV95cUxNRUQxSHk5bHQ3ZEsxeWp4UklfcktCMlNFSDRxWjVtZmVrVUlTLUtSSzNwd2E3OEVRV015cHJfU1AyOVUyUjNteVBjWk5CWU0zU09SeU81NUplZ2ItNUUyQnJhUC1ydkZYeGlDOTJXTHEtbnJvTTBQOERoQ2dJdW1QcDlBM2xxUGdpTHA2MFl0d2NRc0FqalhaX2d5Vi1nRkU4cHJkWXdGdV9RdXkxaFZUblNiaXhnUEZ0Y01wV09ENnh2U3k0dUI3bXpaMV8xVFpDV3pVbkVR?oc=5\" target=\"_blank\" rel=\"nofollow noopener\">Sant\u00e9. H\u00e9l\u00e8ne S\u00e9gara confie se battre contre la maladie et avoir perdu un oeil : \u00ab J&rsquo;ai eu 22 chirurgies \u00bb<\/a>&nbsp;&nbsp;Le Dauphin\u00e9 Lib\u00e9r\u00e9<a href=\"https:\/\/news.google.com\/rss\/articles\/CBMi6wFBVV95cUxPTnhmUGlKUnNYbzN4MnVabDliRllLeVNLRW9Td05tVXhtV3hnaWxPaHVOV2Ixa3ZrN2xNMXozUFJuZ2V4Wi02NEtlTTNoS3B1ZkQtT3VQbDBVQzY0bVEweUR3amRfZXRUdnA5cWtzQ3N4bjBTdVBFNld6OFVqWnFUWHVFYnV2aTl0YUNfaFVLb1pKb1pFY09ET0t6VUVJNVNTejVxLVotaUh5aVUzMDlNRkZZalVHbE93bUg1LXlHcEpfYzdmbm1VM0pPRjBfeFZVc3lPUWROUDZmVFJlY3ZhbzlSdDV3VHNiYXFr?oc=5\" target=\"_blank\" rel=\"nofollow noopener\">\u00ab\u00a0J\u2019ai eu 22 chirurgies\u00a0\u00bb : H\u00e9l\u00e8ne S\u00e9gara se livre sur son combat contre la grave maladie qui lui a co\u00fbt\u00e9 un \u0153il<\/a>&nbsp;&nbsp;Midi Libre<a href=\"https:\/\/news.google.com\/rss\/articles\/CBMizwFBVV95cUxOb2pEWTBSOEZMSWxSRXpSS2d0WjR0SlNSV0RLWWJLZ0oyV2pCQ2ZYRlZkSkdEWWF1WXVsU09UbVZZSDRuRlhxa2tlcXh4cGJ4emVfc1RYNU5nMGdxOUN6enUwNzhRVWljeDcwYkdtZ1RidHJwY0NiVVpCZkVkSUM1dm9uX2NTMDNCZnN1NnU5ckRCa3JQSjBUOXhuWUZCZl9KcVl1SzNBTDZWSFRON0E0S3RQVFAzdFExVXR0VTlRWHdUWHNNRGlFMXJ1QUlIS0k?oc=5\" target=\"_blank\" rel=\"nofollow noopener\">H\u00e9l\u00e8ne S\u00e9gara, diminu\u00e9e par la maladie : \u00ab\u00a0j&rsquo;ai perdu un oeil\u00a0\u00bb<\/a>&nbsp;&nbsp;Journal des Femmes<a href=\"https:\/\/news.google.com\/rss\/articles\/CBMimAFBVV95cUxNbURnUDVfTm1FakJMRzZOU2ZVVmNzLW1vZXk0MmdhS2hpajNtWDM2WUMzX001NGVzZlk5WVRiSjJHamQ3YkZ5M0FYOHVNSjJmWUUyUWp2RGFVcWdIOVdaQWtTRjl6S3Z6UTlXRXdvVDZtbElIVXNwakhkY1Nnd2VJN1RjM05HQ2FyVlFfQ09nVVFpMjNNb05Edg?oc=5\" target=\"_blank\" rel=\"nofollow noopener\">\u00ab\u00a0Comme j&rsquo;ai perdu un \u0153il\u00a0\u00bb : H\u00e9l\u00e8ne S\u00e9gara raconte tout ce qu&rsquo;elle a travers\u00e9 et comment elle va \u00e0 pr\u00e9sent<\/a>&nbsp;&nbsp;Yahoo Actualit\u00e9s<a href=\"https:\/\/news.google.com\/rss\/articles\/CBMirgJBVV95cUxQUkNod04ta2FZVXAtR0R2YjRyNS1lZlpXYVY5QlJuQmtubHEzTmY5bFJzNDBxbWxxSlZ0LWdpdnF0MnVqOHVvcTB6LUYtLXhNaFFVRElnelhneGlULUUzYnpsUm5xZHFLazBwYWV0WUJ6bEI4RUpZNnR2bXJjNkZ3VmUxZTQ3X1M3YVhpb29GWExIdFo4S09DeVFyYTJTUExfWjFFb3dXWktXbDZra21qOXI2NEZ0R2JHQjVkdnY4cG9yaG8waWQ5bkt4WWFWdVlNMExnMU9RU3I5aDZiYjQ1cDdQTFlaVFBBVGt5ZEFfUzdNZ2l5SFkwVDF5dnozcC1BRzh6cE55VzBmZk5SNUlpSHhGQ0U0RHFDNHAzbVdQLUZERHV3NExTVzNpUFU5dw?oc=5\" target=\"_blank\" rel=\"nofollow noopener\">\u00ab Certains pensaient que j\u2019\u00e9tais finie \u00bb : la Varoise H\u00e9l\u00e8ne S\u00e9gara fait son grand retour et se confie sur la maladie qui lui a fait perdre partiellement la vue<\/a>&nbsp;&nbsp;Nice-Matin<\/p>\n","protected":false},"excerpt":{"rendered":"Sant\u00e9. H\u00e9l\u00e8ne S\u00e9gara confie se battre contre la maladie et avoir perdu un oeil : \u00ab J&rsquo;ai eu&hellip;\n","protected":false},"author":2,"featured_media":291388,"comment_status":"","ping_status":"","sticky":false,"template":"","format":"standard","meta":{"footnotes":"","_share_on_mastodon":"0"},"categories":[15],"tags":[158,157,663,113,112,297,91,141,159,754,238,23],"class_list":["post-291387","post","type-post","status-publish","format-standard","has-post-thumbnail","category-people","tag-celebrities","tag-celebrity","tag-culture-loisirs","tag-divertissement","tag-entertainment","tag-fil-info","tag-france-monde","tag-musique","tag-people","tag-selection-de-la-redaction","tag-societe","tag-suisse"],"share_on_mastodon":{"url":"https:\/\/pubeurope.com\/@ch_fr\/117212515086614837","error":""},"_links":{"self":[{"href":"https:\/\/www.europesays.com\/ch-fr\/wp-json\/wp\/v2\/posts\/291387","targetHints":{"allow":["GET"]}}],"collection":[{"href":"https:\/\/www.europesays.com\/ch-fr\/wp-json\/wp\/v2\/posts"}],"about":[{"href":"https:\/\/www.europesays.com\/ch-fr\/wp-json\/wp\/v2\/types\/post"}],"author":[{"embeddable":true,"href":"https:\/\/www.europesays.com\/ch-fr\/wp-json\/wp\/v2\/users\/2"}],"replies":[{"embeddable":true,"href":"https:\/\/www.europesays.com\/ch-fr\/wp-json\/wp\/v2\/comments?post=291387"}],"version-history":[{"count":0,"href":"https:\/\/www.europesays.com\/ch-fr\/wp-json\/wp\/v2\/posts\/291387\/revisions"}],"wp:featuredmedia":[{"embeddable":true,"href":"https:\/\/www.europesays.com\/ch-fr\/wp-json\/wp\/v2\/media\/291388"}],"wp:attachment":[{"href":"https:\/\/www.europesays.com\/ch-fr\/wp-json\/wp\/v2\/media?parent=291387"}],"wp:term":[{"taxonomy":"category","embeddable":true,"href":"https:\/\/www.europesays.com\/ch-fr\/wp-json\/wp\/v2\/categories?post=291387"},{"taxonomy":"post_tag","embeddable":true,"href":"https:\/\/www.europesays.com\/ch-fr\/wp-json\/wp\/v2\/tags?post=291387"}],"curies":[{"name":"wp","href":"https:\/\/api.w.org\/{rel}","templated":true}]}}