{"id":291405,"date":"2026-09-04T11:32:10","date_gmt":"2026-09-04T11:32:10","guid":{"rendered":"https:\/\/www.europesays.com\/ch-fr\/291405\/"},"modified":"2026-09-04T11:32:10","modified_gmt":"2026-09-04T11:32:10","slug":"entrepot-de-loms-endommage-par-une-attaque-dans-la-region-de-kiev-2","status":"publish","type":"post","link":"https:\/\/www.europesays.com\/ch-fr\/291405\/","title":{"rendered":"Entrep\u00f4t de l&rsquo;OMS endommag\u00e9 par une attaque dans la r\u00e9gion de Kiev"},"content":{"rendered":"<p class=\"wysiwyg-h2\">Un entrep\u00f4t de l&rsquo;Organisation mondiale de la sant\u00e9 (OMS) a \u00e9t\u00e9 endommag\u00e9 par une attaque a\u00e9rienne russe dans la r\u00e9gion de Kiev. L&rsquo;\u00e9tendue des d\u00e9g\u00e2ts n&rsquo;est pas encore connue, a affirm\u00e9 vendredi \u00e0 la presse \u00e0 Gen\u00e8ve un porte-parole.<\/p>\n<p>&lsquo;En raison de la fum\u00e9e et des questions de s\u00e9curit\u00e9&rsquo;, &lsquo;l&rsquo;acc\u00e8s est restreint&rsquo;, a-t-il ajout\u00e9. Le site stockait de l&rsquo;assistance humanitaire pour les personnes proches de la ligne de front ou dans les territoires difficiles \u00e0 atteindre.<\/p>\n<p>Depuis juillet, cette attaque dans la nuit de jeudi \u00e0 vendredi est la troisi\u00e8me contre un entrep\u00f4t de l&rsquo;OMS. Et la 26e contre un site qui rassemble de l&rsquo;aide humanitaire depuis d\u00e9but janvier.<\/p>\n<p>L&rsquo;\u00e9valuation est encore en cours et des voies alternatives pour r\u00e9cup\u00e9rer le mat\u00e9riel sont discut\u00e9es, a ajout\u00e9 le porte-parole qui ne peut dire si l&rsquo;entrep\u00f4t a \u00e9t\u00e9 cibl\u00e9 directement ou par erreur. Les organisations relaient aux parties au conflit quelle est la situation de leurs diff\u00e9rents sites pour que celles-ci \u00e9vitent d&rsquo;attaquer cette assistance humanitaire.<\/p>\n<p> \/ATS<\/p>\n","protected":false},"excerpt":{"rendered":"Un entrep\u00f4t de l&rsquo;Organisation mondiale de la sant\u00e9 (OMS) a \u00e9t\u00e9 endommag\u00e9 par une attaque a\u00e9rienne russe dans&hellip;\n","protected":false},"author":2,"featured_media":291406,"comment_status":"","ping_status":"","sticky":false,"template":"","format":"standard","meta":{"footnotes":"","_share_on_mastodon":"0"},"categories":[5],"tags":[121,124,128,119,122,123,40,118,136,132,131,133,130,135,120,126,117,125,114,115,116,129,127,41,42,134],"class_list":["post-291405","post","type-post","status-publish","format-standard","has-post-thumbnail","category-international","tag-ajoie","tag-animation","tag-bienne","tag-delemont","tag-franches-montagnes","tag-frequence","tag-international","tag-jura","tag-jura-bernois","tag-la-chaux-de-fonds","tag-moutier","tag-neuchatel","tag-neuveville","tag-payerne","tag-porrentruy","tag-publicite","tag-radio","tag-redaction","tag-rfj","tag-rjb","tag-rtn","tag-tavannes","tag-vallon-de-st-imier","tag-world","tag-world-news","tag-yverdon"],"share_on_mastodon":{"url":"https:\/\/pubeurope.com\/@ch_fr\/117212554721507774","error":""},"_links":{"self":[{"href":"https:\/\/www.europesays.com\/ch-fr\/wp-json\/wp\/v2\/posts\/291405","targetHints":{"allow":["GET"]}}],"collection":[{"href":"https:\/\/www.europesays.com\/ch-fr\/wp-json\/wp\/v2\/posts"}],"about":[{"href":"https:\/\/www.europesays.com\/ch-fr\/wp-json\/wp\/v2\/types\/post"}],"author":[{"embeddable":true,"href":"https:\/\/www.europesays.com\/ch-fr\/wp-json\/wp\/v2\/users\/2"}],"replies":[{"embeddable":true,"href":"https:\/\/www.europesays.com\/ch-fr\/wp-json\/wp\/v2\/comments?post=291405"}],"version-history":[{"count":0,"href":"https:\/\/www.europesays.com\/ch-fr\/wp-json\/wp\/v2\/posts\/291405\/revisions"}],"wp:featuredmedia":[{"embeddable":true,"href":"https:\/\/www.europesays.com\/ch-fr\/wp-json\/wp\/v2\/media\/291406"}],"wp:attachment":[{"href":"https:\/\/www.europesays.com\/ch-fr\/wp-json\/wp\/v2\/media?parent=291405"}],"wp:term":[{"taxonomy":"category","embeddable":true,"href":"https:\/\/www.europesays.com\/ch-fr\/wp-json\/wp\/v2\/categories?post=291405"},{"taxonomy":"post_tag","embeddable":true,"href":"https:\/\/www.europesays.com\/ch-fr\/wp-json\/wp\/v2\/tags?post=291405"}],"curies":[{"name":"wp","href":"https:\/\/api.w.org\/{rel}","templated":true}]}}