{"id":291421,"date":"2026-09-04T11:45:19","date_gmt":"2026-09-04T11:45:19","guid":{"rendered":"https:\/\/www.europesays.com\/ch-fr\/291421\/"},"modified":"2026-09-04T11:45:19","modified_gmt":"2026-09-04T11:45:19","slug":"lexigence-de-la-pulsion-de-lhistoire-disparition-de-jean-paul-rappeneau-realisateur-de-cyrano-de-bergerac-et-le-hussard-sur-le-toit","status":"publish","type":"post","link":"https:\/\/www.europesays.com\/ch-fr\/291421\/","title":{"rendered":"\u00ab L\u2019exigence de la pulsion de l\u2019histoire \u00bb : disparition de Jean-Paul Rappeneau, r\u00e9alisateur de \u00ab Cyrano de Bergerac \u00bb et \u00ab Le Hussard sur le toit \u00bb"},"content":{"rendered":"<p>\n\t\t\t\t\t\t\t            02 septembre 2026\n                            \t<\/p>\n<p>\n\t\t\t\t\t\t\t\t\t\tCin\u00e9ma\n\t\t\t\t\t\t\t\t\t<\/p>\n<p>                                        <img decoding=\"async\" data-fileentryid=\"2647410\" alt=\"Anne Brochet et Jean Paul Rappeneau sur le tournage de \u00ab Cyrano de Bergerac \u00bb\" src=\"https:\/\/www.europesays.com\/ch-fr\/wp-content\/uploads\/2026\/09\/7168b99b-4bff-5ffb-9a71-00b8394fb9c5.jpeg\"\/><\/p>\n<p>\n                                            Anne Brochet et Jean Paul Rappeneau sur le tournage de \u00ab Cyrano de Bergerac \u00bb<br \/>\n                                            DR\n                                    <\/p>\n<p>Auteur et r\u00e9alisateur de grands succ\u00e8s populaires, Jean-Paul Rappeneau s&rsquo;est \u00e9galement distingu\u00e9 \u00e0 l\u2019\u00e9criture de plusieurs films devenus des classiques, comme L\u2019Homme de Rio\u00a0ou\u00a0Le Magnifique de Philippe de Broca. Membre du Conseil d&rsquo;administration de la Cin\u00e9math\u00e8que fran\u00e7aise, il en a\u00a0notamment assur\u00e9 la vice-pr\u00e9sidence jusqu&rsquo;en 2020. Il s\u2019est \u00e9teint ce mardi 1er septembre \u00e0 l\u2019\u00e2ge de 94 ans.<\/p>\n","protected":false},"excerpt":{"rendered":"02 septembre 2026 Cin\u00e9ma Anne Brochet et Jean Paul Rappeneau sur le tournage de \u00ab Cyrano de Bergerac&hellip;\n","protected":false},"author":2,"featured_media":291422,"comment_status":"","ping_status":"","sticky":false,"template":"","format":"standard","meta":{"footnotes":"","_share_on_mastodon":"0"},"categories":[10],"tags":[22,384,113,112,63429,1328,12991,23],"class_list":["post-291421","post","type-post","status-publish","format-standard","has-post-thumbnail","category-divertissement","tag-actualites","tag-cinema","tag-divertissement","tag-entertainment","tag-et-aussi","tag-hommage","tag-portraits","tag-suisse"],"share_on_mastodon":{"url":"https:\/\/pubeurope.com\/@ch_fr\/117212606554965489","error":""},"_links":{"self":[{"href":"https:\/\/www.europesays.com\/ch-fr\/wp-json\/wp\/v2\/posts\/291421","targetHints":{"allow":["GET"]}}],"collection":[{"href":"https:\/\/www.europesays.com\/ch-fr\/wp-json\/wp\/v2\/posts"}],"about":[{"href":"https:\/\/www.europesays.com\/ch-fr\/wp-json\/wp\/v2\/types\/post"}],"author":[{"embeddable":true,"href":"https:\/\/www.europesays.com\/ch-fr\/wp-json\/wp\/v2\/users\/2"}],"replies":[{"embeddable":true,"href":"https:\/\/www.europesays.com\/ch-fr\/wp-json\/wp\/v2\/comments?post=291421"}],"version-history":[{"count":0,"href":"https:\/\/www.europesays.com\/ch-fr\/wp-json\/wp\/v2\/posts\/291421\/revisions"}],"wp:featuredmedia":[{"embeddable":true,"href":"https:\/\/www.europesays.com\/ch-fr\/wp-json\/wp\/v2\/media\/291422"}],"wp:attachment":[{"href":"https:\/\/www.europesays.com\/ch-fr\/wp-json\/wp\/v2\/media?parent=291421"}],"wp:term":[{"taxonomy":"category","embeddable":true,"href":"https:\/\/www.europesays.com\/ch-fr\/wp-json\/wp\/v2\/categories?post=291421"},{"taxonomy":"post_tag","embeddable":true,"href":"https:\/\/www.europesays.com\/ch-fr\/wp-json\/wp\/v2\/tags?post=291421"}],"curies":[{"name":"wp","href":"https:\/\/api.w.org\/{rel}","templated":true}]}}