{"id":291427,"date":"2026-09-04T11:48:10","date_gmt":"2026-09-04T11:48:10","guid":{"rendered":"https:\/\/www.europesays.com\/ch-fr\/291427\/"},"modified":"2026-09-04T11:48:10","modified_gmt":"2026-09-04T11:48:10","slug":"google-integre-des-fonctionnalites-vocales-intelligentes-dans-ses-applications","status":"publish","type":"post","link":"https:\/\/www.europesays.com\/ch-fr\/291427\/","title":{"rendered":"Google int\u00e8gre des fonctionnalit\u00e9s vocales intelligentes dans ses applications"},"content":{"rendered":"<p style=\"text-align: justify;\">Le g\u00e9ant am\u00e9ricain Google ajoute des fonctions de commande vocale bas\u00e9es sur l&rsquo;intelligence artificielle dans ses applications de messagerie, de traitement de texte et de prise de notes. Les utilisateurs peuvent d\u00e9sormais interroger oralement leur bo\u00eete de r\u00e9ception ou dicter la r\u00e9daction de documents. Ces outils facilitent la cr\u00e9ation de contenus et la recherche d&rsquo;informations en traduisant directement les consignes parl\u00e9es en actions dans les diff\u00e9rents logiciels.<\/p>\n<p class=\"texte\" style=\"text-align: justify;\">Lire aussi:<\/p>\n<p class=\"texte\" style=\"text-align: justify;\"><a href=\"https:\/\/www.wearetech.africa\/fr\/fils\/breves\/breves-simple\/dix-entrepreneurs-dafrique-en-finale-du-concours-africas-business-heroes\" rel=\"nofollow noopener\" target=\"_blank\">Dix entrepreneurs d&rsquo;Afrique en finale du concours Africa&rsquo;s Business Heroes<\/a><\/p>\n","protected":false},"excerpt":{"rendered":"Le g\u00e9ant am\u00e9ricain Google ajoute des fonctions de commande vocale bas\u00e9es sur l&rsquo;intelligence artificielle dans ses applications de&hellip;\n","protected":false},"author":2,"featured_media":291428,"comment_status":"","ping_status":"","sticky":false,"template":"","format":"standard","meta":{"footnotes":"","_share_on_mastodon":"0"},"categories":[7],"tags":[46569,2451,1785,29820,3425,473,2607,61,57,59,58,23,60,62,63430],"class_list":["post-291427","post","type-post","status-publish","format-standard","has-post-thumbnail","category-sciences-et-technologies","tag-consignes","tag-creation","tag-dans","tag-directement","tag-informations","tag-les","tag-recherche","tag-science","tag-science-and-technology","tag-sciences","tag-sciences-et-technologies","tag-suisse","tag-technologies","tag-technology","tag-traduisant"],"share_on_mastodon":{"url":"https:\/\/pubeurope.com\/@ch_fr\/117212617332511466","error":""},"_links":{"self":[{"href":"https:\/\/www.europesays.com\/ch-fr\/wp-json\/wp\/v2\/posts\/291427","targetHints":{"allow":["GET"]}}],"collection":[{"href":"https:\/\/www.europesays.com\/ch-fr\/wp-json\/wp\/v2\/posts"}],"about":[{"href":"https:\/\/www.europesays.com\/ch-fr\/wp-json\/wp\/v2\/types\/post"}],"author":[{"embeddable":true,"href":"https:\/\/www.europesays.com\/ch-fr\/wp-json\/wp\/v2\/users\/2"}],"replies":[{"embeddable":true,"href":"https:\/\/www.europesays.com\/ch-fr\/wp-json\/wp\/v2\/comments?post=291427"}],"version-history":[{"count":0,"href":"https:\/\/www.europesays.com\/ch-fr\/wp-json\/wp\/v2\/posts\/291427\/revisions"}],"wp:featuredmedia":[{"embeddable":true,"href":"https:\/\/www.europesays.com\/ch-fr\/wp-json\/wp\/v2\/media\/291428"}],"wp:attachment":[{"href":"https:\/\/www.europesays.com\/ch-fr\/wp-json\/wp\/v2\/media?parent=291427"}],"wp:term":[{"taxonomy":"category","embeddable":true,"href":"https:\/\/www.europesays.com\/ch-fr\/wp-json\/wp\/v2\/categories?post=291427"},{"taxonomy":"post_tag","embeddable":true,"href":"https:\/\/www.europesays.com\/ch-fr\/wp-json\/wp\/v2\/tags?post=291427"}],"curies":[{"name":"wp","href":"https:\/\/api.w.org\/{rel}","templated":true}]}}