{"id":291449,"date":"2026-09-04T12:04:11","date_gmt":"2026-09-04T12:04:11","guid":{"rendered":"https:\/\/www.europesays.com\/ch-fr\/291449\/"},"modified":"2026-09-04T12:04:11","modified_gmt":"2026-09-04T12:04:11","slug":"vincent-courtois-et-colin-vallon-en-duo-au-festival-jazz-au-peuple","status":"publish","type":"post","link":"https:\/\/www.europesays.com\/ch-fr\/291449\/","title":{"rendered":"Vincent Courtois et Colin Vallon en duo au Festival Jazz au Peuple"},"content":{"rendered":"<p>Vincent Courtois et Colin Vallon ravivent ensemble la longue tradition des \u0153uvres pour piano et violoncelle incontournables dans l&rsquo;histoire de la musique classique, mais rarissimes dans celle du jazz. Le duo sera sur la sc\u00e8ne du Festival Jazz au Peuple de Nyon (VD) le 5 septembre.<\/p>\n<p>Depuis sa cr\u00e9ation en 2015, le festival Jazz au Peuple \u00e0 Nyon (VD) participe \u00e0 la vie culturelle r\u00e9gionale et nationale en mettant les artistes suisses \u00e0 l&rsquo;honneur. Les partis pris du libre acc\u00e8s et de l&rsquo;avant-gardisme font de la manifestation un \u00e9v\u00e9nement unique et r\u00e9solument surprenant.<\/p>\n<p>Cette ann\u00e9e, le collectif bernois Arbre, compos\u00e9 de Xavier Almeida, Paul Butscher et M\u00e9lusine Chappuis, le trio divr, dont font partie\u00a0Philipp Eden, Raphael Walser et Jonas Ruther, mais aussi le quartet l&rsquo;Orage ou encore la pianiste Manon Mullener, r\u00e9cente laur\u00e9ate du Swiss Jazz Award, et Bureau Bureau, groupe de la chanteuse Sonia Loenne, sont au programme du festival qui se tient les 4 et 5 septembre.<\/p>\n<p>&gt;&gt; A lire aussi\u00a0: <a href=\"https:\/\/www.rts.ch\/info\/culture\/musiques\/2026\/article\/arbre-trio-jazz-rock-electro-sort-son-album-wrap-a-tear-in-a-cellophane-29231241.html\" data-item-id=\"richtext_link\" rel=\"nofollow noopener\" target=\"_blank\">Le trio Arbre s&rsquo;\u00e9panouit \u00e0 la lisi\u00e8re du jazz, du rock et de l&rsquo;\u00e9lectro <\/a><\/p>\n<p>L&rsquo;un des rendez-vous les plus attendus de cette 12e \u00e9dition est la rencontre de deux instruments qui se croisent rarement dans le jazz: le piano et le violoncelle, gr\u00e2ce au duo form\u00e9 par Colin Vallon, l&rsquo;un des pianistes helv\u00e9tiques les plus respect\u00e9s sur la sc\u00e8ne internationale, et Vincent Courtois, violoncelliste et compositeur fran\u00e7ais qui, depuis plus de trois d\u00e9cennies, trace un chemin singulier aux confins du jazz, de la musique contemporaine et de l&rsquo;improvisation libre.<\/p>\n<p>La po\u00e9sie jazz d&rsquo;une rencontre rare<\/p>\n<p>Pour Vincent Courtois, ce duo est n\u00e9 d&rsquo;un besoin de retour aux sources, apr\u00e8s avoir explor\u00e9 la formule en 2021 avec le pianiste am\u00e9ricain Bill Carrothers. Lorsque ce dernier n&rsquo;a plus \u00e9t\u00e9 disponible pour tourner en Europe, la route du violoncelliste a crois\u00e9 celle du pianiste suisse Colin Vallon. Ce duo violoncelle-piano, incontournable dans la musique classique, Vincent Courtois admet l&rsquo;avoir longtemps rejet\u00e9 \u00ab\u00a0comme une esp\u00e8ce de r\u00e9miniscence du Conservatoire, [alors que] j&rsquo;\u00e9tais vraiment pass\u00e9 \u00e0 autre chose\u00a0\u00bb, explique-t-il dans l&rsquo;\u00e9mission Musique matin du 28 ao\u00fbt.<\/p>\n<p>Contenu externe<\/p>\n<p> Ce contenu externe ne peut pas \u00eatre affich\u00e9 car il est susceptible de collecter des donn\u00e9es personnelles. Pour voir ce contenu vous devez autoriser la cat\u00e9gorie R\u00e9seaux sociaux. <\/p>\n<p> Accepter Plus d&rsquo;info <\/p>\n<p>Ce retour \u00e0 l&rsquo;acoustique pure s&rsquo;accompagne d&rsquo;un h\u00e9ritage classique inconscient, mais profond\u00e9ment ancr\u00e9, que le musicien qualifie volontiers d&rsquo;atavisme. Si le public peut y d\u00e9celer des \u00e9chos de Stravinsky, Bart\u00f3k ou Prokofiev, Vincent Courtois pr\u00e9cise: \u00ab\u00a0Finalement, je pense que dans ce que l&rsquo;on compose, dans ce qu&rsquo;on \u00e9crit avec Colin Vallon, mais aussi dans ce que l&rsquo;on improvise, c&rsquo;est toujours un peu l\u00e0. Et m\u00eame sans que cela soit aussi conscient\u00a0\u00bb.<\/p>\n<p class=\"q-text\">Ce qui fait aussi que \u00e7a marche avec Colin Vallon, c&rsquo;est, je pense, que nous aimons tous les deux la virtuosit\u00e9, mais cela ne se voit pas trop. Nous sommes vraiment dans quelque chose d&rsquo;instrumental, de musical avant tout.\u00a0<\/p>\n<p>  Vincent Courtois, violoncelliste <\/p>\n<p>Fruit de cette collaboration, l&rsquo;album &lsquo;A Simple Fall&rsquo; para\u00eet en 2025. Sur sc\u00e8ne comme sur disque, le duo repousse les limites physiques de ses instruments respectifs. Gr\u00e2ce aux techniques de piano pr\u00e9par\u00e9 de Colin Vallon et aux explorations de textures de Vincent Courtois, le duo parvient \u00e0 sonner comme un v\u00e9ritable petit orchestre de chambre et promet d&rsquo;offrir au public du Festival Jazz au Peuple un grand moment de po\u00e9sie suspendue.<\/p>\n<p class=\"sources\">Propos recueillis par Anya L\u00e9veill\u00e9<\/p>\n<p class=\"credit\">Adaptation web: ld<\/p>\n<p class=\"article-footnote\">Festival Jazz au Peuple, Parc du Conservatoire et Villa Thomas, Nyon (VD), du 4 au 5 septembre 2026.<\/p>\n<p class=\"article-footnote\">Concert de Vincent Courtois &amp; Colin Vallon, Villa Thomas, Nyon (VD), le 5 septembre 2026 \u00e0 21 h.<\/p>\n","protected":false},"excerpt":{"rendered":"Vincent Courtois et Colin Vallon ravivent ensemble la longue tradition des \u0153uvres pour piano et violoncelle incontournables dans&hellip;\n","protected":false},"author":2,"featured_media":291450,"comment_status":"","ping_status":"","sticky":false,"template":"","format":"standard","meta":{"footnotes":"","_share_on_mastodon":"0"},"categories":[10],"tags":[380,63445,648,172,113,402,112,650,652,303,2978,141,1512,654,12322,12323,23,1473,63446],"class_list":["post-291449","post","type-post","status-publish","format-standard","has-post-thumbnail","category-divertissement","tag-arts-et-divertissement","tag-colin-vallon","tag-concert","tag-culture","tag-divertissement","tag-duo","tag-entertainment","tag-festival","tag-genre-musical","tag-histoire","tag-jazz","tag-musique","tag-musique-classique","tag-musiques","tag-pianiste","tag-piano","tag-suisse","tag-tradition","tag-vincent-courtois"],"share_on_mastodon":{"url":"https:\/\/pubeurope.com\/@ch_fr\/117212680441925181","error":""},"_links":{"self":[{"href":"https:\/\/www.europesays.com\/ch-fr\/wp-json\/wp\/v2\/posts\/291449","targetHints":{"allow":["GET"]}}],"collection":[{"href":"https:\/\/www.europesays.com\/ch-fr\/wp-json\/wp\/v2\/posts"}],"about":[{"href":"https:\/\/www.europesays.com\/ch-fr\/wp-json\/wp\/v2\/types\/post"}],"author":[{"embeddable":true,"href":"https:\/\/www.europesays.com\/ch-fr\/wp-json\/wp\/v2\/users\/2"}],"replies":[{"embeddable":true,"href":"https:\/\/www.europesays.com\/ch-fr\/wp-json\/wp\/v2\/comments?post=291449"}],"version-history":[{"count":0,"href":"https:\/\/www.europesays.com\/ch-fr\/wp-json\/wp\/v2\/posts\/291449\/revisions"}],"wp:featuredmedia":[{"embeddable":true,"href":"https:\/\/www.europesays.com\/ch-fr\/wp-json\/wp\/v2\/media\/291450"}],"wp:attachment":[{"href":"https:\/\/www.europesays.com\/ch-fr\/wp-json\/wp\/v2\/media?parent=291449"}],"wp:term":[{"taxonomy":"category","embeddable":true,"href":"https:\/\/www.europesays.com\/ch-fr\/wp-json\/wp\/v2\/categories?post=291449"},{"taxonomy":"post_tag","embeddable":true,"href":"https:\/\/www.europesays.com\/ch-fr\/wp-json\/wp\/v2\/tags?post=291449"}],"curies":[{"name":"wp","href":"https:\/\/api.w.org\/{rel}","templated":true}]}}