{"id":291469,"date":"2026-09-04T12:17:12","date_gmt":"2026-09-04T12:17:12","guid":{"rendered":"https:\/\/www.europesays.com\/ch-fr\/291469\/"},"modified":"2026-09-04T12:17:12","modified_gmt":"2026-09-04T12:17:12","slug":"lacteur-husky-kihal-est-mort-il-jouait-le-medecin-legiste-dans-la-serie-astrid-et-raphaelle-sur-france-2","status":"publish","type":"post","link":"https:\/\/www.europesays.com\/ch-fr\/291469\/","title":{"rendered":"L&rsquo;acteur Husky Kihal est mort : il jouait le m\u00e9decin l\u00e9giste dans la s\u00e9rie \u00ab\u00a0Astrid et Rapha\u00eblle\u00a0\u00bb, sur France 2"},"content":{"rendered":"<p>                    Par<\/p>\n<p>            <a href=\"https:\/\/actu.fr\/auteur\/johann-foucault\" title=\"Consulter tous les articles de Johann Foucault\" rel=\"nofollow noopener\" target=\"_blank\">Johann Foucault<\/a><\/p>\n<p>        Publi\u00e9 le<\/p>\n<p>            4 sept. 2026 \u00e0 13h32        <\/p>\n<p>Il \u00e9tait l\u2019incontournable m\u00e9decin l\u00e9giste dans la s\u00e9rie Astrid et Rapha\u00eblle, diffus\u00e9e sur France 2. Husky Kihal, qui interpr\u00e8te Henri Fournier dans la s\u00e9rie <a href=\"https:\/\/actu.fr\/tag\/television\" rel=\"nofollow noopener\" target=\"_blank\">t\u00e9l\u00e9<\/a> suivie par des millions de t\u00e9l\u00e9spectateurs, est mort \u00e0 l\u2019\u00e2ge de 64 ans.\u00a0<\/p>\n<p class=\" wall-content\">C\u2019est son agente, Sophie Lemaitre, qui a annonc\u00e9 la disparition du com\u00e9dien <a href=\"https:\/\/www.instagram.com\/p\/Dc2gqiWNFZ0\/?utm_source=ig_embed&amp;ig_rid=AOZnfpUw2hM3HVVdYMYs8h9\" rel=\"nofollow noopener\" target=\"_blank\">sur Instagram<\/a>, ce vendredi 4 septembre 2026. Dans un long message, elle \u00e9voque \u00e0 la fois \u00ab un merveilleux com\u00e9dien \u00bb et \u00ab un ami des plus pr\u00e9cieux \u00bb, se souvenant d\u2019un homme qui \u00ab aimait la vie \u00bb et qui laissera derri\u00e8re lui \u00ab un vide immense \u00bb.<\/p>\n<p class=\" wall-content\"><a href=\"https:\/\/www.instagram.com\/p\/Dc2gqiWNFZ0\/embed\" title=\"Ouvrir le lien sur Instagram\" rel=\"nofollow noopener\" target=\"_blank\">Visualiser le contenu sur Instagram<\/a><\/p>\n<p>Sara Mortensen et Lola Dewaere boulevers\u00e9es\u00a0<\/p>\n<p class=\" wall-content\">Une disparition qui touche particuli\u00e8rement l\u2019\u00e9quipe de la <a href=\"https:\/\/actu.fr\/ile-de-france\/pontoise_95500\/val-doise-serie-policiere-astrid-raphaelle-tournage-pontoise_30551667.html\" rel=\"nofollow noopener\" target=\"_blank\">s\u00e9rie Astrid et Rapha\u00eblle<\/a>. Husky Kihal y pr\u00eatait ses traits \u00e0 Henri Fournier, le m\u00e9decin l\u00e9giste qui accompagne les deux enqu\u00eatrices incarn\u00e9es par Sara Mortensen et Lola Dewaere.<\/p>\n<p class=\" wall-content\">L\u2019annonce de sa disparition a suscit\u00e9 de nombreuses r\u00e9actions, \u00e0 commencer par celles de ses partenaires dans la fiction de France 2.<\/p>\n<p class=\" wall-content\">Apr\u00e8s l\u2019annonce de sa mort, Sara Mortensen a tenu \u00e0 rendre hommage \u00e0 celui avec qui elle partageait r\u00e9guli\u00e8rement les plateaux de tournage. Dans <a href=\"https:\/\/www.instagram.com\/mortensensara\/\" rel=\"nofollow noopener\" target=\"_blank\">une story Instagram<\/a> accompagn\u00e9e d\u2019une vid\u00e9o du com\u00e9dien sur le tournage d\u2019Astrid et Rapha\u00eblle, l\u2019actrice lui a adress\u00e9 quelques mots particuli\u00e8rement \u00e9mouvants : \u00ab Mon Kiki, je t\u2019aime pour toute la vie. \u00bb<\/p>\n<p class=\" wall-content\">Sara Mortensen a ensuite publi\u00e9 un selfie pris avec Husky Kihal, laissant appara\u00eetre son immense tristesse. \u00ab Comment je survis \u00e0 \u00e7a moi ?! Et Astrid ? Tu me manques. Je n\u2019ai pas envie de jouer sans toi \u00bb, a-t-elle \u00e9crit.<\/p>\n<p>    <img   decoding=\"async\" loading=\"lazy\" src=\"https:\/\/www.europesays.com\/ch-fr\/wp-content\/uploads\/2026\/09\/story-mort-husky-kihal-960x640.png\" alt=\"La com\u00e9dienne Sara Mortensen a rendu hommage \u00e0 Husky Kihal sur Instagram.\" width=\"960\" height=\"640\"\/><br \/>\n    La com\u00e9dienne Sara Mortensen a rendu hommage \u00e0 Husky Kihal sur Instagram. (\u00a9capture story Instagram)<\/p>\n<p class=\" wall-content\">Lola Dewaere a elle aussi salu\u00e9 la m\u00e9moire de son partenaire de jeu. L\u2019interpr\u00e8te de Rapha\u00eblle Coste a partag\u00e9 plusieurs photographies t\u00e9moignant de leur complicit\u00e9, accompagn\u00e9es d\u2019un message d\u2019adieu : \u00ab Salut mon sacr\u00e9 Husky\u2026 \u00e0 la r\u2019voyure\u2026 ! Tu vas beaucoup beaucoup beaucoup nous manquer \u00bb.<\/p>\n<p class=\" wall-content\"><a href=\"https:\/\/www.instagram.com\/p\/Dc2XCD0CPjF\/embed\" title=\"Ouvrir le lien sur Instagram\" rel=\"nofollow noopener\" target=\"_blank\">Visualiser le contenu sur Instagram<\/a><\/p>\n<p>\u00ab Pourquoi ce sont les bons qui s\u2019\u00e9vaporent ? \u00bb<\/p>\n<p class=\" wall-content\">Au-del\u00e0 de ses partenaires d\u2019Astrid et Rapha\u00eblle, l\u2019annonce de la disparition d\u2019Husky Kihal a provoqu\u00e9 de nombreuses r\u00e9actions parmi les personnalit\u00e9s qui l\u2019avaient c\u00f4toy\u00e9, parmi lesquelles <a href=\"https:\/\/www.instagram.com\/pascal_legitimus\/\" rel=\"nofollow noopener\" target=\"_blank\">Pascal L\u00e9gitimus<\/a>. Sur Instagram, le com\u00e9dien lui a consacr\u00e9 un message poignant : \u00ab Pourquoi ce sont les bons qui s\u2019\u00e9vaporent et non les mauvais qui nous pourrissent la vie ? \u00bb<\/p>\n<p class=\" wall-content\"><a href=\"https:\/\/www.instagram.com\/p\/Dc26DApsMAC\/embed\" title=\"Ouvrir le lien sur Instagram\" rel=\"nofollow noopener\" target=\"_blank\">Visualiser le contenu sur Instagram<\/a><\/p>\n<p class=\" wall-content\">Au cours de sa carri\u00e8re, Husky Kihal avait \u00e9galement multipli\u00e9 les apparitions \u00e0 la t\u00e9l\u00e9vision. Les t\u00e9l\u00e9spectateurs avaient notamment pu le voir dans Plus belle la vie, Les Bracelets rouges, HPI ou Meurtres dans le Cantal. Au cin\u00e9ma, il avait particip\u00e9 \u00e0 plusieurs productions populaires, parmi lesquelles Taxi 4, Bouquet final, La Vie scolaire, Hors normes et Les Tuche 4.<\/p>\n<p class=\" wall-content\">Personnalisez votre actualit\u00e9 en ajoutant vos villes et m\u00e9dias en favori avec <a href=\"https:\/\/moncompte.actu.fr\" title=\"D\u00e9couvez Mon Actu\" rel=\"nofollow noopener\" data-trk=\"{&quot;cta&quot;:{&quot;action&quot;:&quot;https:\\\/\\\/moncompte.actu.fr&quot;,&quot;category&quot;:&quot;mon compte&quot;,&quot;from&quot;:&quot;article footer&quot;,&quot;name&quot;:&quot;Mon actu&quot;,&quot;type&quot;:&quot;cta&quot;}}\" target=\"_blank\">Mon Actu<\/a>.<\/p>\n<p>                    <script async src=\"\/\/www.instagram.com\/embed.js\"><\/script><\/p>\n","protected":false},"excerpt":{"rendered":"Par Johann Foucault Publi\u00e9 le 4 sept. 2026 \u00e0 13h32 Il \u00e9tait l\u2019incontournable m\u00e9decin l\u00e9giste dans la s\u00e9rie&hellip;\n","protected":false},"author":2,"featured_media":291470,"comment_status":"","ping_status":"","sticky":false,"template":"","format":"standard","meta":{"footnotes":"","_share_on_mastodon":"0"},"categories":[15],"tags":[158,157,113,112,1377,1770,159,23,142],"class_list":["post-291469","post","type-post","status-publish","format-standard","has-post-thumbnail","category-people","tag-celebrities","tag-celebrity","tag-divertissement","tag-entertainment","tag-loisirs-culture","tag-necrologie","tag-people","tag-suisse","tag-television"],"share_on_mastodon":{"url":"https:\/\/pubeurope.com\/@ch_fr\/117212731807797648","error":""},"_links":{"self":[{"href":"https:\/\/www.europesays.com\/ch-fr\/wp-json\/wp\/v2\/posts\/291469","targetHints":{"allow":["GET"]}}],"collection":[{"href":"https:\/\/www.europesays.com\/ch-fr\/wp-json\/wp\/v2\/posts"}],"about":[{"href":"https:\/\/www.europesays.com\/ch-fr\/wp-json\/wp\/v2\/types\/post"}],"author":[{"embeddable":true,"href":"https:\/\/www.europesays.com\/ch-fr\/wp-json\/wp\/v2\/users\/2"}],"replies":[{"embeddable":true,"href":"https:\/\/www.europesays.com\/ch-fr\/wp-json\/wp\/v2\/comments?post=291469"}],"version-history":[{"count":0,"href":"https:\/\/www.europesays.com\/ch-fr\/wp-json\/wp\/v2\/posts\/291469\/revisions"}],"wp:featuredmedia":[{"embeddable":true,"href":"https:\/\/www.europesays.com\/ch-fr\/wp-json\/wp\/v2\/media\/291470"}],"wp:attachment":[{"href":"https:\/\/www.europesays.com\/ch-fr\/wp-json\/wp\/v2\/media?parent=291469"}],"wp:term":[{"taxonomy":"category","embeddable":true,"href":"https:\/\/www.europesays.com\/ch-fr\/wp-json\/wp\/v2\/categories?post=291469"},{"taxonomy":"post_tag","embeddable":true,"href":"https:\/\/www.europesays.com\/ch-fr\/wp-json\/wp\/v2\/tags?post=291469"}],"curies":[{"name":"wp","href":"https:\/\/api.w.org\/{rel}","templated":true}]}}