{"id":291471,"date":"2026-09-04T12:18:08","date_gmt":"2026-09-04T12:18:08","guid":{"rendered":"https:\/\/www.europesays.com\/ch-fr\/291471\/"},"modified":"2026-09-04T12:18:08","modified_gmt":"2026-09-04T12:18:08","slug":"je-mets-mes-mosaiques-en-liberte-les-oeuvres-de-ce-street-artiste-se-cachent-dans-les-rues-du-maine-et-loire","status":"publish","type":"post","link":"https:\/\/www.europesays.com\/ch-fr\/291471\/","title":{"rendered":"\u00ab\u00a0Je mets mes mosa\u00efques en libert\u00e9\u00a0\u00bb : les oeuvres de ce street artiste se cachent dans les rues du Maine-et-Loire"},"content":{"rendered":"<p data-ofstats-scroll=\"read_depth_10\">\u00c0 Ingrandes-Le Fresne-sur-Loire, il suffit de traverser le pont pour tomber sur une surprise. Une mosa\u00efque color\u00e9e semble avoir pouss\u00e9 l\u00e0 naturellement. Comme un signe discret laiss\u00e9 \u00e0 ceux qui prennent encore le temps de regarder le village.<\/p>\n<p>&gt; \u00c0 LIRE AUSSI : <a href=\"https:\/\/www.ouest-france.fr\/pays-de-la-loire\/cholet-49300\/un-hommage-au-street-art-et-au-patrimoine-un-jeu-de-piste-voit-le-jour-dans-cette-commune-de-maine-et-loire-66b02050-81d6-11f1-ae6f-a09f3d00f0f8\" rel=\"nofollow noopener\" target=\"_blank\">\u00ab Un hommage au street art et au patrimoine \u00bb : un jeu de piste voit le jour dans cette commune de Maine-et-Loire<\/a><\/p>\n<p>        Pr\u00e8s de quarante \u0153uvres, d\u2019Angers jusqu\u2019\u00e0 P\u00e9kin<\/p>\n<p data-ofstats-scroll=\"read_depth_50\">C\u2019est pr\u00e9cis\u00e9ment l\u2019id\u00e9e de Waldo, street artiste angevin qui diss\u00e9mine depuis plusieurs ann\u00e9es ses \u0153uvres dans l\u2019espace public. \u00c0 Ingrandes-Le Fresne sur Loire, il a choisi d\u2019installer un c\u0153ur travers\u00e9 par une branche fleurie. Une \u0153uvre simple en apparence, mais profond\u00e9ment symbolique. Le lieu n\u2019a pas \u00e9t\u00e9 choisi au hasard, Waldo aime trouver des endroits visibles, vivants, des espaces travers\u00e9s par les habitants au quotidien. Pour lui, le street art doit dialoguer avec la ville et avec ceux qui l\u2019habitent. L\u2019artiste compte aujourd\u2019hui pr\u00e8s de quarante \u0153uvres r\u00e9parties dans Angers et bien d\u2019autres lieus en France et m\u00eame \u00e0 P\u00e9kin. Des mosa\u00efques pr\u00e9par\u00e9es tr\u00e8s \u00e0 l\u2019avance dans son atelier, puis install\u00e9es comme des touches de po\u00e9sies dans le paysage urbain. \u00ab\u00a0Je mets mes mosa\u00efques en libert\u00e9\u00a0\u00bb, explique-t-il avec simplicit\u00e9. Une mani\u00e8re de dire que ses cr\u00e9ations appartiennent ensuite au regard des passants, \u00e0 leurs interpr\u00e9tations, \u00e0 leurs \u00e9motions.<\/p>\n<p data-ofstats-scroll=\"read_depth_60\">Waldo ne cherche pas seulement \u00e0 d\u00e9corer les murs. Il cherche \u00e0 provoquer une rencontre, une pause, un sourire parfois. Ses \u0153uvres color\u00e9es viennent r\u00e9veiller des endroits qu\u2019il aime, transformer un angle de rue en petit moment sensible. Dans un monde satur\u00e9 d\u2019images rapides, ses mosa\u00efques invitent au contraire \u00e0 ralentir.<\/p>\n<p>&gt; \u00c0 LIRE AUSSI : <a href=\"https:\/\/www.ouest-france.fr\/sciences\/animaux\/il-nest-pas-dangereux-juste-craintif-un-wallaby-sechappe-de-son-enclos-son-proprietaire-lance-un-appel-ce5972c6-a76d-11f1-8a27-1e0c4eb5e395\" rel=\"nofollow noopener\" target=\"_blank\">\u00ab Il n\u2019est pas dangereux, juste craintif \u00bb : un wallaby s\u2019\u00e9chappe de son enclos, son propri\u00e9taire lance un appel<\/a><\/p>\n<p>        Des collaborations avec la Ville d\u2019Angers<\/p>\n<p data-ofstats-scroll=\"read_depth_80\">\u00c0 Angers, son travail a rapidement trouv\u00e9 un \u00e9cho positif. Le service patrimoine et culture de la Ville s\u2019est empar\u00e9 de cette d\u00e9marche artistique pour cr\u00e9er des ateliers avec les \u00e9coles. Les enfants d\u00e9couvrent ainsi le street art, apprennent les techniques de la mosa\u00efque et r\u00e9fl\u00e9chissent \u00e0 la mani\u00e8re dont l\u2019art peut transformer l\u2019espace public.<\/p>\n<p data-ofstats-scroll=\"read_depth_90\">Les \u0153uvres de Waldo ont \u00e9galement \u00e9t\u00e9 enregistr\u00e9es aux visites de la ville. Deux fois par mois, le dimanche, l\u2019artiste propose des visites guid\u00e9es relay\u00e9es par l\u2019office de tourisme d\u2019Angers. L\u2019occasion de d\u00e9couvrir ses mosa\u00efques, mais aussi d\u2019\u00e9changer plus largement sur le street art, son histoire, sa place dans nos villes et le regard parfois encore m\u00e9fiant qu\u2019il suscite.<\/p>\n<p data-ofstats-scroll=\"read_depth_100\">Et peut-\u00eatre est-ce l\u00e0 la force de ses mosa\u00efques\u2009: elles apparaissent sans pr\u00e9venir, comme des fragments de douceur d\u00e9pos\u00e9s dans le quotidien.<\/p>\n","protected":false},"excerpt":{"rendered":"\u00c0 Ingrandes-Le Fresne-sur-Loire, il suffit de traverser le pont pour tomber sur une surprise. Une mosa\u00efque color\u00e9e semble&hellip;\n","protected":false},"author":2,"featured_media":291472,"comment_status":"","ping_status":"","sticky":false,"template":"","format":"standard","meta":{"footnotes":"","_share_on_mastodon":"0"},"categories":[14],"tags":[3636,414,155,156,8828,113,112,8827,12251,1165,8830,23,109],"class_list":["post-291471","post","type-post","status-publish","format-standard","has-post-thumbnail","category-arts-et-design","tag-angers","tag-arts","tag-arts-and-design","tag-arts-et-design","tag-cholet","tag-divertissement","tag-entertainment","tag-ingrandes-le-fresne-sur-loire","tag-maine-et-loire","tag-patrimoine","tag-saumur","tag-suisse","tag-une"],"share_on_mastodon":{"url":"https:\/\/pubeurope.com\/@ch_fr\/117212735706673928","error":""},"_links":{"self":[{"href":"https:\/\/www.europesays.com\/ch-fr\/wp-json\/wp\/v2\/posts\/291471","targetHints":{"allow":["GET"]}}],"collection":[{"href":"https:\/\/www.europesays.com\/ch-fr\/wp-json\/wp\/v2\/posts"}],"about":[{"href":"https:\/\/www.europesays.com\/ch-fr\/wp-json\/wp\/v2\/types\/post"}],"author":[{"embeddable":true,"href":"https:\/\/www.europesays.com\/ch-fr\/wp-json\/wp\/v2\/users\/2"}],"replies":[{"embeddable":true,"href":"https:\/\/www.europesays.com\/ch-fr\/wp-json\/wp\/v2\/comments?post=291471"}],"version-history":[{"count":0,"href":"https:\/\/www.europesays.com\/ch-fr\/wp-json\/wp\/v2\/posts\/291471\/revisions"}],"wp:featuredmedia":[{"embeddable":true,"href":"https:\/\/www.europesays.com\/ch-fr\/wp-json\/wp\/v2\/media\/291472"}],"wp:attachment":[{"href":"https:\/\/www.europesays.com\/ch-fr\/wp-json\/wp\/v2\/media?parent=291471"}],"wp:term":[{"taxonomy":"category","embeddable":true,"href":"https:\/\/www.europesays.com\/ch-fr\/wp-json\/wp\/v2\/categories?post=291471"},{"taxonomy":"post_tag","embeddable":true,"href":"https:\/\/www.europesays.com\/ch-fr\/wp-json\/wp\/v2\/tags?post=291471"}],"curies":[{"name":"wp","href":"https:\/\/api.w.org\/{rel}","templated":true}]}}