{"id":291485,"date":"2026-09-04T12:27:12","date_gmt":"2026-09-04T12:27:12","guid":{"rendered":"https:\/\/www.europesays.com\/ch-fr\/291485\/"},"modified":"2026-09-04T12:27:12","modified_gmt":"2026-09-04T12:27:12","slug":"allemagne-des-engins-incendiaires-lances-a-proximite-dentreprises-darmement-a-munich","status":"publish","type":"post","link":"https:\/\/www.europesays.com\/ch-fr\/291485\/","title":{"rendered":"Allemagne\u00a0: Des engins incendiaires lanc\u00e9s \u00e0 proximit\u00e9 d\u2019entreprises d\u2019armement \u00e0 Munich"},"content":{"rendered":"<p>Des engins incendiaires ont \u00e9t\u00e9 lanc\u00e9s dans la nuit de mercredi \u00e0 jeudi sur des b\u00e2timents dans une rue de <a href=\"https:\/\/www.20minutes.fr\/dossier\/munich\" class=\"c-link c-link--is-underlined\" rel=\"nofollow noopener\" target=\"_blank\">Munich<\/a> o\u00f9 se trouvent <a href=\"https:\/\/www.20minutes.fr\/monde\/allemagne\/4232383-20260702-allemagne-quoi-vaste-plan-reformes-annonce-chancelier-merz\" class=\"c-link c-link--is-underlined\" rel=\"nofollow noopener\" target=\"_blank\">plusieurs entreprises de la d\u00e9fense<\/a>. Deux suspects de nationalit\u00e9 bulgare ont \u00e9t\u00e9 arr\u00eat\u00e9s, selon la police.<\/p>\n<p>\u00ab\u00a0Vers minuit, la police a \u00e9t\u00e9 inform\u00e9e par un t\u00e9moin que des engins incendiaires avaient \u00e9t\u00e9 lanc\u00e9s depuis une voiture sur la M\u00fchldorfstrasse\u00a0\u00bb, dans l\u2019est de la capitale bavaroise, a indiqu\u00e9 jeudi \u00e0 l\u2019AFP un porte-parole de la police r\u00e9gionale. D\u2019apr\u00e8s cette source, \u00ab\u00a0un engin incendiaire a pu \u00eatre imm\u00e9diatement \u00e9teint par la police\u00a0\u00bb, et \u00ab\u00a0un autre a d\u00fb \u00eatre d\u00e9samorc\u00e9\u00a0\u00bb.<\/p>\n<p>\u00ab\u00a0Un arri\u00e8re-plan politique\u00a0\u00bb<\/p>\n<p>Selon la police, deux suspects ont \u00e9t\u00e9 interpell\u00e9s dans une station-service, une femme de 28 ans et un homme de 38 ans, tous deux de nationalit\u00e9 bulgare. \u00ab\u00a0Nous partons du principe qu\u2019il y a un arri\u00e8re-plan politique\u00a0\u00bb, a indiqu\u00e9 le porte-parole, raison pour laquelle la police criminelle et le parquet de Munich ont pris en charge l\u2019enqu\u00eate.<\/p>\n<p>Plusieurs entreprises d\u2019armement <a href=\"https:\/\/www.20minutes.fr\/dossier\/allemagne\" class=\"c-link c-link--is-underlined\" rel=\"nofollow noopener\" target=\"_blank\">allemandes<\/a> se trouvent dans la rue o\u00f9 l\u2019attaque s\u2019est produite, dont le groupe Rohde &amp; Schwarz sp\u00e9cialis\u00e9 dans les technologies de s\u00e9curit\u00e9 pour le gouvernement et l\u2019arm\u00e9e.<\/p>\n<p>Des locaux de l\u2019entreprise munichoise Helsing, qui d\u00e9veloppe des logiciels d\u2019intelligence artificielle et des syst\u00e8mes autonomes pour la d\u00e9fense, se trouvent \u00e9galement dans cette rue.<\/p>\n","protected":false},"excerpt":{"rendered":"Des engins incendiaires ont \u00e9t\u00e9 lanc\u00e9s dans la nuit de mercredi \u00e0 jeudi sur des b\u00e2timents dans une&hellip;\n","protected":false},"author":2,"featured_media":291486,"comment_status":"","ping_status":"","sticky":false,"template":"","format":"standard","meta":{"footnotes":"","_share_on_mastodon":"0"},"categories":[5],"tags":[376,1830,12144,40,421,3398,306,41,42],"class_list":["post-291485","post","type-post","status-publish","format-standard","has-post-thumbnail","category-international","tag-actualite","tag-allemagne","tag-armement","tag-international","tag-monde","tag-munich","tag-police","tag-world","tag-world-news"],"share_on_mastodon":{"url":"https:\/\/pubeurope.com\/@ch_fr\/117212771025014491","error":""},"_links":{"self":[{"href":"https:\/\/www.europesays.com\/ch-fr\/wp-json\/wp\/v2\/posts\/291485","targetHints":{"allow":["GET"]}}],"collection":[{"href":"https:\/\/www.europesays.com\/ch-fr\/wp-json\/wp\/v2\/posts"}],"about":[{"href":"https:\/\/www.europesays.com\/ch-fr\/wp-json\/wp\/v2\/types\/post"}],"author":[{"embeddable":true,"href":"https:\/\/www.europesays.com\/ch-fr\/wp-json\/wp\/v2\/users\/2"}],"replies":[{"embeddable":true,"href":"https:\/\/www.europesays.com\/ch-fr\/wp-json\/wp\/v2\/comments?post=291485"}],"version-history":[{"count":0,"href":"https:\/\/www.europesays.com\/ch-fr\/wp-json\/wp\/v2\/posts\/291485\/revisions"}],"wp:featuredmedia":[{"embeddable":true,"href":"https:\/\/www.europesays.com\/ch-fr\/wp-json\/wp\/v2\/media\/291486"}],"wp:attachment":[{"href":"https:\/\/www.europesays.com\/ch-fr\/wp-json\/wp\/v2\/media?parent=291485"}],"wp:term":[{"taxonomy":"category","embeddable":true,"href":"https:\/\/www.europesays.com\/ch-fr\/wp-json\/wp\/v2\/categories?post=291485"},{"taxonomy":"post_tag","embeddable":true,"href":"https:\/\/www.europesays.com\/ch-fr\/wp-json\/wp\/v2\/tags?post=291485"}],"curies":[{"name":"wp","href":"https:\/\/api.w.org\/{rel}","templated":true}]}}