{"id":291495,"date":"2026-09-04T12:37:10","date_gmt":"2026-09-04T12:37:10","guid":{"rendered":"https:\/\/www.europesays.com\/ch-fr\/291495\/"},"modified":"2026-09-04T12:37:10","modified_gmt":"2026-09-04T12:37:10","slug":"audiences-la-nouvelle-emission-quotidienne-de-societe-de-cnews-police-justice-24h-en-france-est-leader-hier-entre-13h-et-15h-face-a-la-concurrence","status":"publish","type":"post","link":"https:\/\/www.europesays.com\/ch-fr\/291495\/","title":{"rendered":"Audiences: La nouvelle \u00e9mission quotidienne de soci\u00e9t\u00e9 de CNews \u00ab\u00a0Police justice: 24h en France\u00a0\u00bb est leader hier entre 13h et 15h face \u00e0 la concurrence"},"content":{"rendered":"<p>Hier, entre 13h et 15h, CNews diffusait son rendez-vous \u00ab\u00a0Police-Justice : 24h en France\u00a0\u00bb. Deux heures pour vous raconter la France d&rsquo;aujourd&rsquo;hui telle que vous la vivez et non pas celle que les politiques ou certains m\u00e9dias veulent vous imposer.<\/p>\n<p>Quelle audience a r\u00e9alis\u00e9 l&rsquo;\u00e9mission diffus\u00e9e hier ? Le programme, pr\u00e9sent\u00e9 par Nelly Daynac, s&rsquo;est hiss\u00e9 en t\u00eate face aux autres chaines info. Avec 207.000 t\u00e9l\u00e9spectateurs, l&rsquo;\u00e9mission est ainsi devant LCI, BFMTV et Franceinfo.\u00a0<\/p>\n<p>Ins\u00e9curit\u00e9, violences, proc\u00e8s : que se passe-t-il vraiment partout en France ? Que disent ces affaires de notre soci\u00e9t\u00e9 ? Pourquoi les victimes ont-elles encore si peu la parole ? La justice en fait-elle assez pour nous prot\u00e9ger ? Car lorsque les faits divers deviennent des faits de soci\u00e9t\u00e9, ils racontent aussi la France d\u2019aujourd\u2019hui.<\/p>\n<p>Chaque jour, l\u2019\u00e9mission donnera la parole \u00e0 ceux qui vivent ces \u00e9v\u00e9nements, les subissent ou y sont confront\u00e9s. T\u00e9moignages, avocats, psychologues, psychiatres, policiers et journalistes du service Police-Justice de CNews permettront de raconter les faits, de les d\u00e9crypter et de comprendre ce qu\u2019ils r\u00e9v\u00e8lent de notre soci\u00e9t\u00e9.<\/p>\n<p>\u00ab Police-Justice : 24h en France \u00bb, pr\u00e9sent\u00e9e par Nelly Daynac, du lundi au vendredi, en direct de 13h \u00e0 15h sur CNews.<\/p>\n<p>\u00a0<\/p>\n<p>        Police-Justice : 24h en France (13h\/14h45)<br \/>\n        2.8 % de PDA\n        <\/p>\n<p>        207 000<\/p>\n<p>        Tranche info (13h\/14h45)<br \/>\n        2.7 % de PDA\n        <\/p>\n<p>        199 000<\/p>\n<p>        Tranche info (13h\/14h45)<br \/>\n        2.1 % de PDA\n        <\/p>\n<p>        153 000<\/p>\n<p>        Tranche info (13h\/14h45)<br \/>\n        0.9 % de PDA\n        <\/p>\n<p>        66 000<\/p>\n<p>  Le Top des parts de march\u00e9<\/p>\n","protected":false},"excerpt":{"rendered":"Hier, entre 13h et 15h, CNews diffusait son rendez-vous \u00ab\u00a0Police-Justice : 24h en France\u00a0\u00bb. Deux heures pour vous&hellip;\n","protected":false},"author":2,"featured_media":291496,"comment_status":"","ping_status":"","sticky":false,"template":"","format":"standard","meta":{"footnotes":"","_share_on_mastodon":"0"},"categories":[13],"tags":[63450,2103,1667,113,112,43377,43734,23,142],"class_list":["post-291495","post","type-post","status-publish","format-standard","has-post-thumbnail","category-television","tag-24h-en-france","tag-audiences","tag-cnews","tag-divertissement","tag-entertainment","tag-quotidienne","tag-sociu00e9tu00e9","tag-suisse","tag-television"],"share_on_mastodon":{"url":"https:\/\/pubeurope.com\/@ch_fr\/117212810110652243","error":""},"_links":{"self":[{"href":"https:\/\/www.europesays.com\/ch-fr\/wp-json\/wp\/v2\/posts\/291495","targetHints":{"allow":["GET"]}}],"collection":[{"href":"https:\/\/www.europesays.com\/ch-fr\/wp-json\/wp\/v2\/posts"}],"about":[{"href":"https:\/\/www.europesays.com\/ch-fr\/wp-json\/wp\/v2\/types\/post"}],"author":[{"embeddable":true,"href":"https:\/\/www.europesays.com\/ch-fr\/wp-json\/wp\/v2\/users\/2"}],"replies":[{"embeddable":true,"href":"https:\/\/www.europesays.com\/ch-fr\/wp-json\/wp\/v2\/comments?post=291495"}],"version-history":[{"count":0,"href":"https:\/\/www.europesays.com\/ch-fr\/wp-json\/wp\/v2\/posts\/291495\/revisions"}],"wp:featuredmedia":[{"embeddable":true,"href":"https:\/\/www.europesays.com\/ch-fr\/wp-json\/wp\/v2\/media\/291496"}],"wp:attachment":[{"href":"https:\/\/www.europesays.com\/ch-fr\/wp-json\/wp\/v2\/media?parent=291495"}],"wp:term":[{"taxonomy":"category","embeddable":true,"href":"https:\/\/www.europesays.com\/ch-fr\/wp-json\/wp\/v2\/categories?post=291495"},{"taxonomy":"post_tag","embeddable":true,"href":"https:\/\/www.europesays.com\/ch-fr\/wp-json\/wp\/v2\/tags?post=291495"}],"curies":[{"name":"wp","href":"https:\/\/api.w.org\/{rel}","templated":true}]}}