{"id":291515,"date":"2026-09-04T12:54:12","date_gmt":"2026-09-04T12:54:12","guid":{"rendered":"https:\/\/www.europesays.com\/ch-fr\/291515\/"},"modified":"2026-09-04T12:54:12","modified_gmt":"2026-09-04T12:54:12","slug":"info-presse-ocean-rentree-morose-a-lecole-de-design-nantes-atlantique-qui-degraisse-ses-effectifs","status":"publish","type":"post","link":"https:\/\/www.europesays.com\/ch-fr\/291515\/","title":{"rendered":"INFO PRESSE OCEAN. Rentr\u00e9e morose \u00e0 l\u2019\u00c9cole de design Nantes Atlantique qui d\u00e9graisse ses effectifs"},"content":{"rendered":"<p>\n                Article premium,<br \/>\n                    R\u00e9serv\u00e9 aux\u00a0abonn\u00e9s\n            <\/p>\n<p class=\"su-standfirst chapeau\">Confront\u00e9e \u00e0 une baisse de plus de 20\u00a0% du nombre de ses \u00e9l\u00e8ves en 1re ann\u00e9e de bac +\u00a05, l\u2019\u00c9cole de design Nantes Atlantique a lanc\u00e9 un plan social en juin\u00a02026, avec 9\u00a0suppressions de postes \u00e0 la cl\u00e9.<\/p>\n<p>                                        <img decoding=\"async\" class=\"su-media\" src=\"https:\/\/media.ouest-france.fr\/v1\/pictures\/MjAyNjA5NjNhZTNhMmU4MzA1OTRkNTdhNjgzYTE2Y2EzODBhNDk?width=630&amp;height=354&amp;focuspoint=50%2C25&amp;cropresize=1&amp;client_id=bpeditorial&amp;sign=598c85ed8c68297993b74f9e75b4c17f280e23f17b9044709ab81ccf0bccd476\" alt=\"Depuis 2022, l\u2019Ecole de design Nantes Atlantique s\u2019est install\u00e9e sur l\u2019\u00eele de Nantes.\"  \/><\/p>\n<p>                            Depuis 2022, l\u2019Ecole de design Nantes Atlantique s\u2019est install\u00e9e sur l\u2019\u00eele de Nantes. | PHOTO ARCHIVES PRESSE OC\u00c9AN<\/p>\n<p>                            fermer<\/p>\n<p><img decoding=\"async\" data-ofmaxheight=\"\" class=\"su-media lazyload\" alt=\"Depuis 2022, l\u2019Ecole de design Nantes Atlantique s\u2019est install\u00e9e sur l\u2019\u00eele de Nantes.\" src=\"data:image\/png;base64,iVBORw0KGgoAAAANSUhEUgAAABAAAAAJCAYAAAA7KqwyAAAAGXRFWHRTb2Z0d2FyZQBBZG9iZSBJbWFnZVJlYWR5ccllPAAAABhJREFUeNpi\/P\/\/PwMlgHHUgFEDgAAgwAD+lBrvy+NcxAAAAABJRU5ErkJggg==\" data-oflazyload=\"{&quot;srcset&quot;:&quot;https:\/\/media.ouest-france.fr\/v1\/pictures\/MjAyNjA5NjNhZTNhMmU4MzA1OTRkNTdhNjgzYTE2Y2EzODBhNDk?width=320&amp;focuspoint=50%2C25&amp;cropresize=1&amp;client_id=bpeditorial&amp;sign=b7c731295201dd66117d43fbcdea14a9c24c6be44ebe982a26adc91325049878 320w,https:\/\/media.ouest-france.fr\/v1\/pictures\/MjAyNjA5NjNhZTNhMmU4MzA1OTRkNTdhNjgzYTE2Y2EzODBhNDk?width=375&amp;focuspoint=50%2C25&amp;cropresize=1&amp;client_id=bpeditorial&amp;sign=897b5f845413e95501df7b5e9020914d5292de672f0578c58ee949a9f69be111 360w,https:\/\/media.ouest-france.fr\/v1\/pictures\/MjAyNjA5NjNhZTNhMmU4MzA1OTRkNTdhNjgzYTE2Y2EzODBhNDk?width=480&amp;focuspoint=50%2C25&amp;cropresize=1&amp;client_id=bpeditorial&amp;sign=f02b54aac056e696842fa5113e88e851813c2d01201f9a4a90b5d19f6661dac6 480w,https:\/\/media.ouest-france.fr\/v1\/pictures\/MjAyNjA5NjNhZTNhMmU4MzA1OTRkNTdhNjgzYTE2Y2EzODBhNDk?width=630&amp;focuspoint=50%2C25&amp;cropresize=1&amp;client_id=bpeditorial&amp;sign=3de30ca7bc5f11d1f4e7ae83df13efe55172619c9124747bec69b50f97ace219 630w,https:\/\/media.ouest-france.fr\/v1\/pictures\/MjAyNjA5NjNhZTNhMmU4MzA1OTRkNTdhNjgzYTE2Y2EzODBhNDk?width=940&amp;focuspoint=50%2C25&amp;cropresize=1&amp;client_id=bpeditorial&amp;sign=b6a2cae1a762a0a9965501f907643fa397f73c075aa43ab337031d0a98088ee9 940w,https:\/\/media.ouest-france.fr\/v1\/pictures\/MjAyNjA5NjNhZTNhMmU4MzA1OTRkNTdhNjgzYTE2Y2EzODBhNDk?width=1260&amp;focuspoint=50%2C25&amp;cropresize=1&amp;client_id=bpeditorial&amp;sign=28925209e4e014c723dfcbfd1c1cb46d25e69870c3d651492c42f153590d9674 1260w&quot;}\"\/>Depuis 2022, l\u2019Ecole de design Nantes Atlantique s\u2019est install\u00e9e sur l\u2019\u00eele de Nantes. | PHOTO ARCHIVES PRESSE OC\u00c9AN                            <\/p>\n<p>En cette rentr\u00e9e 2026, le ciel s\u2019est assombri au-dessus de l\u2019\u00c9cole de design Nantes Atlantique, reconnue 4e meilleure \u00e9cole de design au monde par le palmar\u00e8s international QS World University Rankings. L\u2019\u00e9tablissement, l\u2019un des fleurons de l\u2019enseignement sup\u00e9rieur nantais, a d\u00fb se s\u00e9parer de neuf de ses salari\u00e9s dont le nombre varie entre 250 et 500\u00a0salari\u00e9s. L\u2019annonce en a \u00e9t\u00e9 faite \u00e0 la fin de la derni\u00e8re ann\u00e9e scolaire. Non sans crainte pour le personnel dont certains membres s\u2019expriment sous couvert d\u2019anonymat. Un plan de licenciements a \u00e9t\u00e9 d\u00e9clench\u00e9 en juin dernier\u00a0\u00bb, confirme l\u2019un des seize repr\u00e9sentants du personnel si\u00e9geant au sein du CSE\u00a0(comit\u00e9 social et \u00e9conomique). L\u2019\u00e9cole a perdu des \u00e9tudiants, comme toutes les \u00e9coles de design. Mais elle est celle qui s\u2019en sort le mieux, explique une enseignante. Pour autant, elle \u00e9voque un climat d\u00e9l\u00e9t\u00e8re \u00e0 la suite de ce plan. Il faut dire que le directeur adjoint,&#8230;<\/p>\n<p style=\"text-align: center; background-color: #dbbe4d; padding-top: 5px; padding-bottom: 5px; font-size: 14px;\">D\u00e9j\u00e0 abonn\u00e9 ? <a data-trkartmonet=\"Identification\" data-trk-sipa=\"{\" blockcategory=\"\" paywall=\"\" href=\"http:\/\/www.ouest-france.fr\/login?redirect=https:\/\/www.ouest-france.fr\/education\/enseignement\/info-presse-ocean-rentree-morose-a-lecole-de-design-nantes-atlantique-qui-degraisse-ses-effectifs-52ebfd26-a7b7-11f1-95a1-d7cb1b3759ac\" rel=\"nofollow noopener\" title=\"Se connecter \u00e0 Ouest-France\" class=\"su-link-light\" target=\"_blank\">Connectez-vous<\/a><\/p>\n<p style=\"text-align: center; padding-top: 15px; padding-bottom: 8px; vertical-align: bottom;\">bloqu\u00e9 Pour lire la suite, abonnez-vous<\/p>\n<p style=\"text-align: center;\">1er mois \u00e0 1\u20ac<\/p>\n<p style=\"text-align: center; margin-top: -5px;\">Annulable \u00e0 tout moment<\/p>\n<p style=\"text-align: center;\">\u00a0<\/p>\n<p style=\"text-align: center;\"><a data-ida=\"\" data-trkartmonet=\"Tunnel OF+\" data-trk-sipa=\"{&#010;\" blockcategory=\"\" paywall=\"\" :=\"\" m=\"\" of=\"\" class=\"su-button su-subscription\" data-trk-bloc=\"paywall\" href=\"https:\/\/abonnement.ouest-france.fr\/presse-ocean\/tunnel\/pack-essentiel-article\/122096116098?int_medium=lien&amp;int_campaign=PWFR0225-PO&amp;int_content=page-article-payant_boutonjaune-paywall&amp;marquesource=PO&amp;rt=https:\/\/www.ouest-france.fr\/education\/enseignement\/info-presse-ocean-rentree-morose-a-lecole-de-design-nantes-atlantique-qui-degraisse-ses-effectifs-52ebfd26-a7b7-11f1-95a1-d7cb1b3759ac\" rel=\"nofollow noopener\" target=\"_blank\">Je m&rsquo;abonne<\/a><\/p>\n<p style=\"text-align: center; padding-top: 10px; padding-bottom: 10px;\"><img decoding=\"async\" src=\"https:\/\/media.ouest-france.fr\/v1\/fonts\/be7723fcee3f1866f1ce99184077fc6f-carte-bancaire.svg?height=36\" alt=\"CB\"\/>\u00a0\u00a0<img decoding=\"async\" src=\"https:\/\/media.ouest-france.fr\/v1\/fonts\/1819d54c599d8afa64539cfba4ac9dde-rib.svg?height=36\" alt=\"RIB\"\/><\/p>\n","protected":false},"excerpt":{"rendered":"Article premium, R\u00e9serv\u00e9 aux\u00a0abonn\u00e9s Confront\u00e9e \u00e0 une baisse de plus de 20\u00a0% du nombre de ses \u00e9l\u00e8ves en&hellip;\n","protected":false},"author":2,"featured_media":291516,"comment_status":"","ping_status":"","sticky":false,"template":"","format":"standard","meta":{"footnotes":"","_share_on_mastodon":"0"},"categories":[14],"tags":[155,156,9943,113,2721,112,9166,7526,23,109],"class_list":["post-291515","post","type-post","status-publish","format-standard","has-post-thumbnail","category-arts-et-design","tag-arts-and-design","tag-arts-et-design","tag-design","tag-divertissement","tag-enseignement","tag-entertainment","tag-loire-atlantique","tag-nantes","tag-suisse","tag-une"],"share_on_mastodon":{"url":"https:\/\/pubeurope.com\/@ch_fr\/117212877331039483","error":""},"_links":{"self":[{"href":"https:\/\/www.europesays.com\/ch-fr\/wp-json\/wp\/v2\/posts\/291515","targetHints":{"allow":["GET"]}}],"collection":[{"href":"https:\/\/www.europesays.com\/ch-fr\/wp-json\/wp\/v2\/posts"}],"about":[{"href":"https:\/\/www.europesays.com\/ch-fr\/wp-json\/wp\/v2\/types\/post"}],"author":[{"embeddable":true,"href":"https:\/\/www.europesays.com\/ch-fr\/wp-json\/wp\/v2\/users\/2"}],"replies":[{"embeddable":true,"href":"https:\/\/www.europesays.com\/ch-fr\/wp-json\/wp\/v2\/comments?post=291515"}],"version-history":[{"count":0,"href":"https:\/\/www.europesays.com\/ch-fr\/wp-json\/wp\/v2\/posts\/291515\/revisions"}],"wp:featuredmedia":[{"embeddable":true,"href":"https:\/\/www.europesays.com\/ch-fr\/wp-json\/wp\/v2\/media\/291516"}],"wp:attachment":[{"href":"https:\/\/www.europesays.com\/ch-fr\/wp-json\/wp\/v2\/media?parent=291515"}],"wp:term":[{"taxonomy":"category","embeddable":true,"href":"https:\/\/www.europesays.com\/ch-fr\/wp-json\/wp\/v2\/categories?post=291515"},{"taxonomy":"post_tag","embeddable":true,"href":"https:\/\/www.europesays.com\/ch-fr\/wp-json\/wp\/v2\/tags?post=291515"}],"curies":[{"name":"wp","href":"https:\/\/api.w.org\/{rel}","templated":true}]}}