{"id":291547,"date":"2026-09-04T13:19:12","date_gmt":"2026-09-04T13:19:12","guid":{"rendered":"https:\/\/www.europesays.com\/ch-fr\/291547\/"},"modified":"2026-09-04T13:19:12","modified_gmt":"2026-09-04T13:19:12","slug":"f1-hadjar-recupere-son-podium-a-monaco-gasly-retrograde-04-09-2026-a-1444","status":"publish","type":"post","link":"https:\/\/www.europesays.com\/ch-fr\/291547\/","title":{"rendered":"F1-Hadjar r\u00e9cup\u00e8re son podium \u00e0 Monaco, Gasly r\u00e9trograd\u00e9 &#8211; 04\/09\/2026 \u00e0 14:44"},"content":{"rendered":"<p>\n par Alan Baldwin\n<\/p>\n<p>\n La F\u00e9d\u00e9ration<br \/>\nInternationale de l&rsquo;Automobile (FIA) a r\u00e9tabli vendredi le<br \/>\nFran\u00e7ais Isack Hadjar \u00e0 la troisi\u00e8me place du Grand Prix de<br \/>\nMonaco disput\u00e9 en juin, r\u00e9trogradant \u00e0 nouveau son compatriote<br \/>\nPierre Gasly.\n<\/p>\n<p>\n Le pilote Alpine avait franchi la ligne d&rsquo;arriv\u00e9e en<br \/>\ntroisi\u00e8me position le 7 juin, mais avait \u00e9t\u00e9 r\u00e9trograd\u00e9 au<br \/>\nsepti\u00e8me rang apr\u00e8s l&rsquo;application de deux p\u00e9nalit\u00e9s de cinq<br \/>\nsecondes pour exc\u00e8s de vitesse dans la voie des stands,<br \/>\npermettant \u00e0 Isack Hadjar, pilote Red Bull Racing, de monter sur<br \/>\nle podium.\n<\/p>\n<p>\n Cette sanction avait \u00e9t\u00e9 annul\u00e9e le 12 juin apr\u00e8s une<br \/>\ndemande de r\u00e9examen d&rsquo;Alpine, les commissaires ayant retenu<br \/>\nl&rsquo;hypoth\u00e8se d&rsquo;une erreur de chronom\u00e9trage.\n<\/p>\n<p>\n \u00c0 la veille du week-end du Grand Prix d&rsquo;Italie, La Cour<br \/>\nd&rsquo;appel internationale de la FIA a finalement donn\u00e9 raison \u00e0<br \/>\nMcLaren et Red Bull, qui contestaient cette d\u00e9cision.\n<\/p>\n<p>\n L&rsquo;\u00e9curie Alpine, propri\u00e9t\u00e9 du groupe Renault, s&rsquo;est dite<br \/>\nd\u00e9\u00e7ue et frustr\u00e9e par cette issue, estimant avoir \u00e9t\u00e9<br \/>\n\u00ab\u00a0injustement p\u00e9nalis\u00e9e\u00a0\u00bb.\n<\/p>\n<p>\n La d\u00e9cision modifie \u00e9galement le r\u00e9sultat d&rsquo;autres pilotes,<br \/>\nOscar Piastri (McLaren) r\u00e9cup\u00e9rant la quatri\u00e8me place tandis que<br \/>\nLiam Lawson et Arvid Lindblad (Racing Bulls) gagnent chacun un<br \/>\nrang.\n<\/p>\n<p>\n Au-del\u00e0 du sort des deux pilotes fran\u00e7ais, le verdict<br \/>\npourrait peser dans la lutte entre Alpine et Racing Bulls pour<br \/>\nla cinqui\u00e8me place du championnat des constructeurs, un<br \/>\nclassement d\u00e9terminant pour la r\u00e9partition des revenus en<br \/>\nFormule 1. Les deux \u00e9quipes n&rsquo;\u00e9taient s\u00e9par\u00e9es que par trois<br \/>\npoints avant cette d\u00e9cision.\n<\/p>\n<p>\n (R\u00e9dig\u00e9 par Alan Baldwin; Version fran\u00e7aise par Aleksandra<br \/>\nKret, \u00e9dit\u00e9 par Benoit Van Overstraeten)<\/p>\n","protected":false},"excerpt":{"rendered":"par Alan Baldwin La F\u00e9d\u00e9ration Internationale de l&rsquo;Automobile (FIA) a r\u00e9tabli vendredi le Fran\u00e7ais Isack Hadjar \u00e0 la&hellip;\n","protected":false},"author":2,"featured_media":291548,"comment_status":"","ping_status":"","sticky":false,"template":"","format":"standard","meta":{"footnotes":"","_share_on_mastodon":"0"},"categories":[8],"tags":[48,46,56,53,51,50,47,52,49,75,23,54,55],"class_list":["post-291547","post","type-post","status-publish","format-standard","has-post-thumbnail","category-sports","tag-action-cac-40","tag-bourse-de-paris","tag-boursorama","tag-cotations","tag-indices-devises","tag-investir","tag-investissement","tag-marche-boursier","tag-sicav","tag-sports","tag-suisse","tag-trackers","tag-warrants"],"share_on_mastodon":{"url":"https:\/\/pubeurope.com\/@ch_fr\/117212975251913063","error":""},"_links":{"self":[{"href":"https:\/\/www.europesays.com\/ch-fr\/wp-json\/wp\/v2\/posts\/291547","targetHints":{"allow":["GET"]}}],"collection":[{"href":"https:\/\/www.europesays.com\/ch-fr\/wp-json\/wp\/v2\/posts"}],"about":[{"href":"https:\/\/www.europesays.com\/ch-fr\/wp-json\/wp\/v2\/types\/post"}],"author":[{"embeddable":true,"href":"https:\/\/www.europesays.com\/ch-fr\/wp-json\/wp\/v2\/users\/2"}],"replies":[{"embeddable":true,"href":"https:\/\/www.europesays.com\/ch-fr\/wp-json\/wp\/v2\/comments?post=291547"}],"version-history":[{"count":0,"href":"https:\/\/www.europesays.com\/ch-fr\/wp-json\/wp\/v2\/posts\/291547\/revisions"}],"wp:featuredmedia":[{"embeddable":true,"href":"https:\/\/www.europesays.com\/ch-fr\/wp-json\/wp\/v2\/media\/291548"}],"wp:attachment":[{"href":"https:\/\/www.europesays.com\/ch-fr\/wp-json\/wp\/v2\/media?parent=291547"}],"wp:term":[{"taxonomy":"category","embeddable":true,"href":"https:\/\/www.europesays.com\/ch-fr\/wp-json\/wp\/v2\/categories?post=291547"},{"taxonomy":"post_tag","embeddable":true,"href":"https:\/\/www.europesays.com\/ch-fr\/wp-json\/wp\/v2\/tags?post=291547"}],"curies":[{"name":"wp","href":"https:\/\/api.w.org\/{rel}","templated":true}]}}