{"id":291583,"date":"2026-09-04T13:49:09","date_gmt":"2026-09-04T13:49:09","guid":{"rendered":"https:\/\/www.europesays.com\/ch-fr\/291583\/"},"modified":"2026-09-04T13:49:09","modified_gmt":"2026-09-04T13:49:09","slug":"la-realisatrice-maggie-gyllenhaal-dit-avoir-renonce-a-utiliser-lia-pour-son-film-sur-marilyn-monroe-actualites","status":"publish","type":"post","link":"https:\/\/www.europesays.com\/ch-fr\/291583\/","title":{"rendered":"La r\u00e9alisatrice Maggie Gyllenhaal dit avoir renonc\u00e9 \u00e0 utiliser l&rsquo;IA pour son film sur Marilyn Monroe : Actualit\u00e9s"},"content":{"rendered":"<p class=\"lead \">La pr\u00e9sidente du jury de la Mostra de Venise, Maggie Gyllenhaal, a dit vendredi avoir renonc\u00e9 \u00e0 utiliser la g\u00e9n\u00e9ration d&rsquo;images par intelligence artificielle (IA) pour r\u00e9aliser son court-m\u00e9trage sur Marilyn Monroe car \u00ab\u00a0fondamentalement, cela n&rsquo;a pas fonctionn\u00e9\u00a0\u00bb.<\/p>\n<p class=\"lead \">Le film de 17 minutes r\u00e9alis\u00e9 par l&rsquo;actrice et r\u00e9alisatrice am\u00e9ricaine fait partie de la s\u00e9lection officielle de la 83e Mostra de Venise. Le court-m\u00e9trage imagine Marilyn Monroe \u00e0 l&rsquo;\u00e2ge de 100 ans, avec Dakota Johnson pour incarner l&rsquo;ic\u00f4ne des ann\u00e9es 1950 avant sa mort en 1962.<\/p>\n<p class=\"lead \">\u00ab\u00a0Les gens qui m&rsquo;ont command\u00e9 ce projet m&rsquo;ont demand\u00e9 d&rsquo;utiliser l&rsquo;intelligence artificielle\u00a0\u00bb, a d\u00e9clar\u00e9 Gyllenhaal lors d&rsquo;une discussion \u00e0 propos de l&rsquo;IA \u00e0 Venise. <\/p>\n<p class=\"lead \">\u00ab\u00a0Ils utilisaient une IA d\u00e9velopp\u00e9e \u00e0 partir de contenus sous licence, entra\u00een\u00e9e sur des films de Marilyn Monroe dont nous avions acquis les droits. Et je me suis lanc\u00e9e. Je me suis dit: +OK, je suis curieuse. Voyons voir+\u00a0\u00bb, a racont\u00e9 la cin\u00e9aste de 48 ans lors d&rsquo;un \u00e9v\u00e9nement intitul\u00e9 \u00ab\u00a0The Future of&#8230; Creativity\u00a0\u00bb.<\/p>\n<p class=\"lead \">\u00ab\u00a0Et fondamentalement, \u00e7a n&rsquo;a pas march\u00e9. On a travaill\u00e9 dur dessus, mais au final, j&rsquo;ai tout mis \u00e0 la poubelle parce que ce qu&rsquo;on produisait avec Dakota jouant Marilyn Monroe \u00e9tait tellement plus \u00e9mouvant, humain, vivant\u00a0\u00bb, a poursuivi l&rsquo;actrice de \u00ab\u00a0The Dark Knight\u00a0\u00bb. <\/p>\n<p class=\"lead \">La g\u00e9n\u00e9ration de vid\u00e9os par intelligence artificielle suscite beaucoup d&rsquo;inqui\u00e9tudes dans le milieu de la cr\u00e9ation, avec des risques de disparition d&#8217;emplois dans l&rsquo;industrie du cin\u00e9ma et de la t\u00e9l\u00e9vision.<\/p>\n<p class=\"lead \">Le 10 septembre sera pr\u00e9sent\u00e9 \u00e0 Venise &#8212; hors comp\u00e9tition &#8212; \u00ab\u00a0Be Brave\u00a0\u00bb, un documentaire italien consacr\u00e9 \u00e0 Renzo Rosso, le fondateur de la marque de jeans Diesel, qui a \u00e9t\u00e9 enti\u00e8rement r\u00e9alis\u00e9 gr\u00e2ce \u00e0 l&rsquo;intelligence artificielle. Une initiative que le directeur artistique de la Mostra de Venise, Alberto Barbera, a qualifi\u00e9e d'\u00a0\u00bbexp\u00e9rience tr\u00e8s int\u00e9ressante\u00a0\u00bb.<\/p>\n<p class=\"lead \">Maggie Gyllenhaal a \u00e9galement racont\u00e9 la mani\u00e8re dont des entreprises d&rsquo;intelligence artificielle approchent les acteurs pour obtenir des licences de leur image afin de les reproduire gr\u00e2ce \u00e0 des logiciels d&rsquo;IA. <\/p>\n<p class=\"lead \">\u00ab\u00a0Quelqu&rsquo;un que je respecte beaucoup m&rsquo;a soumis l&rsquo;id\u00e9e de demander \u00e0 des acteurs qui me font confiance, et ils sont nombreux parmi ceux avec qui j&rsquo;aime travailler, de conc\u00e9der une licence sur leur image pour que nous puissions les recr\u00e9er dans un film\u00a0\u00bb, a rapport\u00e9 l&rsquo;actrice et r\u00e9alisatrice am\u00e9ricaine. <\/p>\n<p class=\"lead \">\u00ab\u00a0J&rsquo;ai pens\u00e9 que cela relevait d&rsquo;une logique compl\u00e8tement diff\u00e9rente de la mienne, de ma mani\u00e8re de penser et de travailler\u00a0\u00bb, a-t-elle ajout\u00e9.<\/p>\n<p class=\"small font-weight-bold text-gray3 \"> publi\u00e9 le 4 septembre \u00e0 13h23, AFP<\/p>\n<p>                             Partager<\/p>\n","protected":false},"excerpt":{"rendered":"La pr\u00e9sidente du jury de la Mostra de Venise, Maggie Gyllenhaal, a dit vendredi avoir renonc\u00e9 \u00e0 utiliser&hellip;\n","protected":false},"author":2,"featured_media":291584,"comment_status":"","ping_status":"","sticky":false,"template":"","format":"standard","meta":{"footnotes":"","_share_on_mastodon":"0"},"categories":[15],"tags":[158,157,1017,113,112,650,2452,1214,159,23,1019],"class_list":["post-291583","post","type-post","status-publish","format-standard","has-post-thumbnail","category-people","tag-celebrities","tag-celebrity","tag-cinma","tag-divertissement","tag-entertainment","tag-festival","tag-ia","tag-italie","tag-people","tag-suisse","tag-usa"],"share_on_mastodon":{"url":"https:\/\/pubeurope.com\/@ch_fr\/117213093057133196","error":""},"_links":{"self":[{"href":"https:\/\/www.europesays.com\/ch-fr\/wp-json\/wp\/v2\/posts\/291583","targetHints":{"allow":["GET"]}}],"collection":[{"href":"https:\/\/www.europesays.com\/ch-fr\/wp-json\/wp\/v2\/posts"}],"about":[{"href":"https:\/\/www.europesays.com\/ch-fr\/wp-json\/wp\/v2\/types\/post"}],"author":[{"embeddable":true,"href":"https:\/\/www.europesays.com\/ch-fr\/wp-json\/wp\/v2\/users\/2"}],"replies":[{"embeddable":true,"href":"https:\/\/www.europesays.com\/ch-fr\/wp-json\/wp\/v2\/comments?post=291583"}],"version-history":[{"count":0,"href":"https:\/\/www.europesays.com\/ch-fr\/wp-json\/wp\/v2\/posts\/291583\/revisions"}],"wp:featuredmedia":[{"embeddable":true,"href":"https:\/\/www.europesays.com\/ch-fr\/wp-json\/wp\/v2\/media\/291584"}],"wp:attachment":[{"href":"https:\/\/www.europesays.com\/ch-fr\/wp-json\/wp\/v2\/media?parent=291583"}],"wp:term":[{"taxonomy":"category","embeddable":true,"href":"https:\/\/www.europesays.com\/ch-fr\/wp-json\/wp\/v2\/categories?post=291583"},{"taxonomy":"post_tag","embeddable":true,"href":"https:\/\/www.europesays.com\/ch-fr\/wp-json\/wp\/v2\/tags?post=291583"}],"curies":[{"name":"wp","href":"https:\/\/api.w.org\/{rel}","templated":true}]}}