{"id":291598,"date":"2026-09-04T13:58:13","date_gmt":"2026-09-04T13:58:13","guid":{"rendered":"https:\/\/www.europesays.com\/ch-fr\/291598\/"},"modified":"2026-09-04T13:58:13","modified_gmt":"2026-09-04T13:58:13","slug":"le-sp-500-et-le-dow-jones-devraient-ouvrir-en-baisse-apres-la-publication-dun-rapport-sur-lemploi-qui-alimente-les-anticipations-de-hausse-des-taux-04-09-2026-a-1509","status":"publish","type":"post","link":"https:\/\/www.europesays.com\/ch-fr\/291598\/","title":{"rendered":"Le S&#038;P 500 et le Dow Jones devraient ouvrir en baisse apr\u00e8s la publication d&rsquo;un rapport sur l&#8217;emploi qui alimente les anticipations de hausse des taux &#8211; 04\/09\/2026 \u00e0 15:09"},"content":{"rendered":"<p>\n ((Traduction automatis\u00e9e par Reuters \u00e0 l&rsquo;aide de l&rsquo;apprentissage<br \/>\nautomatique et de l&rsquo;IA g\u00e9n\u00e9rative, veuillez vous r\u00e9f\u00e9rer \u00e0<br \/>\nl&rsquo;avertissement suivant: https:\/\/bit.ly\/rtrsauto))\n<\/p>\n<p>\n * Contrats \u00e0 terme: le Dow Jones recule de 0,29 %, le S&amp;P<br \/>\n500 de 0,20 % et le Nasdaq progresse de 0,09 %\n<\/p>\n<p>\n * Les emplois non agricoles aux \u00c9tats-Unis ont bondi en ao\u00fbt\n<\/p>\n<p>\n * Lululemon plonge apr\u00e8s avoir revu \u00e0 la baisse ses<br \/>\npr\u00e9visions pour l&rsquo;ensemble de l&rsquo;ann\u00e9e\n<\/p>\n<p>\n * Adobe recule apr\u00e8s l\u2019annonce par Narayen de la passation<br \/>\nde pouvoir \u00e0 la t\u00eate de l\u2019entreprise\n<\/p>\n<p>\n * Les march\u00e9s attendent l&rsquo;IPC et l&rsquo;IPP la semaine prochaine<br \/>\npour obtenir des indices sur la Fed\n<\/p>\n<p>\n (Mises \u00e0 jour apr\u00e8s la publication des chiffres de l&#8217;emploi)\n<\/p>\n<p>\n par Niket Nishant et Tharuniyaa Lakshmi\n<\/p>\n<p>\n Le S&amp;P 500 et le Dow Jones<br \/>\ns&rsquo;appr\u00eataient \u00e0 ouvrir en baisse vendredi apr\u00e8s que des chiffres<br \/>\nde l&#8217;emploi meilleurs que pr\u00e9vu ont incit\u00e9 les investisseurs \u00e0<br \/>\nrenforcer leurs paris sur une hausse des taux d&rsquo;int\u00e9r\u00eat par la<br \/>\nR\u00e9serve f\u00e9d\u00e9rale ce mois-ci.\n<\/p>\n<p>\n Un rapport du minist\u00e8re du Travail a r\u00e9v\u00e9l\u00e9 que l&rsquo;\u00e9conomie<br \/>\nam\u00e9ricaine avait cr\u00e9\u00e9  162 000 emplois en ao\u00fbt, contre des<br \/>\nestimations de 56 000 selon un sondage de Reuters aupr\u00e8s<br \/>\nd&rsquo;\u00e9conomistes.\n<\/p>\n<p>\n Le taux de ch\u00f4mage s&rsquo;est \u00e9tabli \u00e0 4,1 % le mois dernier,<br \/>\ncomme pr\u00e9vu.\n<\/p>\n<p>\n Les op\u00e9rateurs ont renforc\u00e9 leurs anticipations d\u2019une hausse<br \/>\ndes taux d\u2019int\u00e9r\u00eat lors de la r\u00e9union de la banque centrale des<br \/>\n15 et 16 septembre, les contrats \u00e0 terme sur les taux d\u2019int\u00e9r\u00eat<br \/>\n\u00e0 court terme laissant d\u00e9sormais  entrevoir  une<br \/>\nprobabilit\u00e9 de 65 % d\u2019une hausse, contre 55 % avant la<br \/>\npublication du rapport.\n<\/p>\n<p>\n \u00ab Il s\u2019agit \u00e9videmment d\u2019un rapport tr\u00e8s volatil, mais cela<br \/>\nsignifie qu\u2019\u00e0 ce stade, la Fed va se concentrer sur l\u2019inflation<br \/>\n\u00bb, a d\u00e9clar\u00e9 Josh Stevens, directeur des investissements chez<br \/>\nCresalta Investment Management.\n<\/p>\n<p>\n \u00ab L\u2019argument selon lequel le march\u00e9 du travail resterait<br \/>\nfaible a une certaine validit\u00e9, mais si l\u2019emploi se montre<br \/>\nsolide au cours des prochains mois, nous assisterions \u00e0 une<br \/>\nhausse des salaires, ce qui attirerait l\u2019attention de la Fed. \u00bb\n<\/p>\n<p>\n Jeudi, les march\u00e9s avaient revu \u00e0 la baisse leurs<br \/>\nanticipations de hausse des taux apr\u00e8s que Christopher Waller,<br \/>\ngouverneur de la Fed , eut d\u00e9clar\u00e9 qu\u2019il serait favorable au<br \/>\nmaintien des taux inchang\u00e9s  si les donn\u00e9es montraient un<br \/>\nrecul des pressions inflationnistes. Ces commentaires ont aid\u00e9<br \/>\nles actions \u00e0 se redresser   apr\u00e8s un d\u00e9but de mois de<br \/>\nseptembre morose.\n<\/p>\n<p>\n Les donn\u00e9es \u00e9conomiques ont fait l&rsquo;objet d&rsquo;une attention<br \/>\naccrue ces derniers temps, le pr\u00e9sident de la Fed, Kevin Warsh,<br \/>\nayant maintenu sa position de ne pas fournir d\u2019indications<br \/>\nprospectives, et l\u2019accent qu\u2019il a r\u00e9cemment mis sur l\u2019inflation<br \/>\na conduit certains analystes \u00e0 se demander si les tendances du<br \/>\nmarch\u00e9 du travail pourraient influencer les perspectives de la<br \/>\nbanque centrale en mati\u00e8re de taux.\n<\/p>\n<p>\n La dynamique du march\u00e9 du travail s&rsquo;est ralentie apr\u00e8s un<br \/>\nprintemps vigoureux, en partie en raison de la hausse des co\u00fbts<br \/>\n\u00e9nerg\u00e9tiques suite au conflit avec l&rsquo;Iran et des perturbations<br \/>\nd&rsquo;approvisionnement qui ont pes\u00e9 sur les embauches. La<br \/>\ncroissance de l&#8217;emploi a \u00e9galement \u00e9t\u00e9 frein\u00e9e par l&rsquo;impact des<br \/>\nmesures tarifaires de grande envergure prises par le pr\u00e9sident<br \/>\nDonald Trump.\n<\/p>\n<p>\n \u00c0 8 h 45 (heure de l\u2019Est), les contrats \u00e0 terme \u00ab E-mini \u00bb<br \/>\nsur le Dow Jones  YMcv1  reculaient de 156 points, soit 0,29 %,<br \/>\nceux sur le S&amp;P 500  EScv1  perdaient 15,75 points, soit 0,20 %,<br \/>\ntandis que ceux sur le Nasdaq 100  NQcv1  progressaient de 29<br \/>\npoints, soit 0,09 %.\n<\/p>\n<p>\n Parmi les actions, Lululemon Athletica<br \/>\n <a href=\"https:\/\/www.boursorama.com\/cours\/LULU\/\" title=\"LULULEMON ATHLETICA\" rel=\"nofollow noopener\" target=\"_blank\"><br \/>\n  LULU.O<br \/>\n <\/a><br \/>\n a chut\u00e9de<br \/>\n19,5 %en pr\u00e9-ouverture apr\u00e8s avoir  r\u00e9vis\u00e9 \u00e0 la baisse ses<br \/>\npr\u00e9visions de b\u00e9n\u00e9fices et de chiffre d\u2019affaires pour l\u2019ensemble<br \/>\nde l\u2019ann\u00e9e .\n<\/p>\n<p>\n Adobe<br \/>\n <a href=\"https:\/\/www.boursorama.com\/cours\/ADBE\/\" title=\"ADOBE\" rel=\"nofollow noopener\" target=\"_blank\"><br \/>\n  ADBE.O<br \/>\n <\/a><br \/>\n a chut\u00e9 de 4,4 % apr\u00e8s avoir annonc\u00e9 que son<br \/>\ndirecteur g\u00e9n\u00e9ral de longue date, Shantanu Narayen, allait c\u00e9der<br \/>\nles r\u00eanes  \u00e0 Anil Chakravarthy, un cadre de l&rsquo;entreprise.\n<\/p>\n<p>\n Les agences am\u00e9ricaines d\u2019\u00e9valuation du cr\u00e9dit ont perdu du<br \/>\nterrain apr\u00e8s que Bill Pulte, directeur f\u00e9d\u00e9ral am\u00e9ricain du<br \/>\nlogement, a d\u00e9clar\u00e9 jeudi avoir donn\u00e9 pour instruction \u00e0 Fannie<br \/>\nMae et Freddie Mac, cr\u00e9\u00e9es par le Congr\u00e8s am\u00e9ricain pour<br \/>\nsoutenir le march\u00e9 immobilier, d\u2019autoriser  tous les pr\u00eateurs<br \/>\n \u00e0 utiliser le syst\u00e8me de notation de cr\u00e9dit VantageScore.\n<\/p>\n<p>\n Fair Isaac<br \/>\n <a href=\"https:\/\/www.boursorama.com\/cours\/FICO\/\" title=\"FAIR ISAAC\" rel=\"nofollow noopener\" target=\"_blank\"><br \/>\n  FICO.N<br \/>\n <\/a><br \/>\n a perdu 13,8 %, TransUnion<br \/>\n <a href=\"https:\/\/www.boursorama.com\/cours\/TRU\/\" title=\"TRANSUNION\" rel=\"nofollow noopener\" target=\"_blank\"><br \/>\n  TRU.N<br \/>\n <\/a><br \/>\n a<br \/>\nrecul\u00e9 de 8,7 %, tandis qu&rsquo;Equifax<br \/>\n <a href=\"https:\/\/www.boursorama.com\/cours\/EFX\/\" title=\"EQUIFAX INC\" rel=\"nofollow noopener\" target=\"_blank\"><br \/>\n  EFX.N<br \/>\n <\/a><br \/>\n a chut\u00e9 de 9,5 %.\n<\/p>\n<p>\n Alors que les investisseurs s\u2019appr\u00eatent \u00e0 passer le week-end<br \/>\nde la F\u00eate du Travail, le d\u00e9bat sur la faiblesse saisonni\u00e8re du<br \/>\nmois de septembre persiste.\n<\/p>\n<p>\n Historiquement, septembre est le mois le plus faible pour<br \/>\nles actions. Mais l\u2019essentiel de cette baisse se produit dans la<br \/>\nseconde moiti\u00e9 du mois, avec des rendements moyens inf\u00e9rieurs \u00e0<br \/>\n1 %, selon Melissa Brown, responsable mondiale de la recherche<br \/>\nen mati\u00e8re de d\u00e9cisions d\u2019investissement chez SimCorp.\n<\/p>\n<p>\n Les investisseurs disposeront \u00e9galement des derniers<br \/>\nchiffres de l\u2019inflation lorsque le minist\u00e8re du Travail publiera<br \/>\nles donn\u00e9es de l\u2019IPC et de l\u2019IPP la semaine prochaine.<\/p>\n","protected":false},"excerpt":{"rendered":"((Traduction automatis\u00e9e par Reuters \u00e0 l&rsquo;aide de l&rsquo;apprentissage automatique et de l&rsquo;IA g\u00e9n\u00e9rative, veuillez vous r\u00e9f\u00e9rer \u00e0 l&rsquo;avertissement&hellip;\n","protected":false},"author":2,"featured_media":291599,"comment_status":"","ping_status":"","sticky":false,"template":"","format":"standard","meta":{"footnotes":"","_share_on_mastodon":"0"},"categories":[6],"tags":[48,46,56,45,53,44,43,51,50,47,52,49,23,54,55],"class_list":["post-291598","post","type-post","status-publish","format-standard","has-post-thumbnail","category-economie","tag-action-cac-40","tag-bourse-de-paris","tag-boursorama","tag-business","tag-cotations","tag-economie","tag-economy","tag-indices-devises","tag-investir","tag-investissement","tag-marche-boursier","tag-sicav","tag-suisse","tag-trackers","tag-warrants"],"share_on_mastodon":{"url":"https:\/\/pubeurope.com\/@ch_fr\/117213128801752407","error":""},"_links":{"self":[{"href":"https:\/\/www.europesays.com\/ch-fr\/wp-json\/wp\/v2\/posts\/291598","targetHints":{"allow":["GET"]}}],"collection":[{"href":"https:\/\/www.europesays.com\/ch-fr\/wp-json\/wp\/v2\/posts"}],"about":[{"href":"https:\/\/www.europesays.com\/ch-fr\/wp-json\/wp\/v2\/types\/post"}],"author":[{"embeddable":true,"href":"https:\/\/www.europesays.com\/ch-fr\/wp-json\/wp\/v2\/users\/2"}],"replies":[{"embeddable":true,"href":"https:\/\/www.europesays.com\/ch-fr\/wp-json\/wp\/v2\/comments?post=291598"}],"version-history":[{"count":0,"href":"https:\/\/www.europesays.com\/ch-fr\/wp-json\/wp\/v2\/posts\/291598\/revisions"}],"wp:featuredmedia":[{"embeddable":true,"href":"https:\/\/www.europesays.com\/ch-fr\/wp-json\/wp\/v2\/media\/291599"}],"wp:attachment":[{"href":"https:\/\/www.europesays.com\/ch-fr\/wp-json\/wp\/v2\/media?parent=291598"}],"wp:term":[{"taxonomy":"category","embeddable":true,"href":"https:\/\/www.europesays.com\/ch-fr\/wp-json\/wp\/v2\/categories?post=291598"},{"taxonomy":"post_tag","embeddable":true,"href":"https:\/\/www.europesays.com\/ch-fr\/wp-json\/wp\/v2\/tags?post=291598"}],"curies":[{"name":"wp","href":"https:\/\/api.w.org\/{rel}","templated":true}]}}