{"id":291620,"date":"2026-09-04T14:19:12","date_gmt":"2026-09-04T14:19:12","guid":{"rendered":"https:\/\/www.europesays.com\/ch-fr\/291620\/"},"modified":"2026-09-04T14:19:12","modified_gmt":"2026-09-04T14:19:12","slug":"gp-de-monaco-pierre-gasly-perd-son-podium-au-profit-dhadjar","status":"publish","type":"post","link":"https:\/\/www.europesays.com\/ch-fr\/291620\/","title":{"rendered":"GP de Monaco : Pierre Gasly perd son podium au profit d&rsquo;Hadjar"},"content":{"rendered":"<p>Pierre Gasly (Alpine) perd sur le tapis vert un podium au profit de son compatriote Isack Hadjar (Red Bull), a inform\u00e9 la FIA. Le Fran\u00e7ais avait termin\u00e9 troisi\u00e8me du Grand Prix de Monaco en juin apr\u00e8s l&rsquo;annulation de deux p\u00e9nalit\u00e9s.<\/p>\n<p>Le Normand, qui avait franchi la ligne en troisi\u00e8me position, avait \u00e9cop\u00e9 de deux p\u00e9nalit\u00e9s de cinq secondes en raison de deux exc\u00e8s de vitesse de 0,1 et 0,4 km\/h dans la voie des stands et avait finalement \u00e9t\u00e9 class\u00e9 septi\u00e8me. Mais Alpine avait contest\u00e9 ces sanctions aupr\u00e8s de la F\u00e9d\u00e9ration internationale de l&rsquo;Automobile (FIA) et avait obtenu gain de cause en raison d&rsquo;un probl\u00e8me de chronom\u00e9trage.<\/p>\n<p>Red Bull et McLaren avaient alors contest\u00e9 cette d\u00e9cision \u00e0 leur tour et apr\u00e8s une audience organis\u00e9e \u00e0 Paris le 25 ao\u00fbt dernier, la Cour d&rsquo;appel internationale de la FIA leur a donn\u00e9 raison en ordonnant de r\u00e9tablir les deux p\u00e9nalit\u00e9s \u00e0 l&rsquo;encontre de Gasly.<\/p>\n<p>Un mesure appliqu\u00e9e \u00e0 tous les concurrents<\/p>\n<p>La Cour a justifi\u00e9 sa d\u00e9cision en expliquant que la mesure de la longueur des stands, qui sert \u00e0 calibrer le radar d\u00e9terminant la vitesse de passage des monoplaces et qui avait \u00e9t\u00e9 jug\u00e9e erron\u00e9e par les commissaires, \u00e9tait finalement bien valide puisqu&rsquo;elle avait \u00e9t\u00e9 appliqu\u00e9e \u00e0 tous les concurrents.<\/p>\n<p>Alpine a fait part de son amertume apr\u00e8s cette d\u00e9cision qui lui fait perdre neuf points pr\u00e9cieux au championnat du monde des constructeurs o\u00f9 elle est au coude \u00e0 coude avec Racing Bulls dans la bataille pour la cinqui\u00e8me place.<\/p>\n<p class=\"sources\">agences\/tai<\/p>\n","protected":false},"excerpt":{"rendered":"Pierre Gasly (Alpine) perd sur le tapis vert un podium au profit de son compatriote Isack Hadjar (Red&hellip;\n","protected":false},"author":2,"featured_media":291621,"comment_status":"","ping_status":"","sticky":false,"template":"","format":"standard","meta":{"footnotes":"","_share_on_mastodon":"0"},"categories":[8],"tags":[30795,377,10410,16678,9076,1701,39681,4165,39698,2040,18588,30796,186,75,23,40167],"class_list":["post-291620","post","type-post","status-publish","format-standard","has-post-thumbnail","category-sports","tag-alpine-f1-team","tag-automobile","tag-construction-automobile","tag-fia","tag-formule-1","tag-francais","tag-grand-prix-de-monaco","tag-monaco","tag-pierre-gasly","tag-podium","tag-profit","tag-red-bull-racing","tag-sport","tag-sports","tag-suisse","tag-40167"],"share_on_mastodon":{"url":"https:\/\/pubeurope.com\/@ch_fr\/117213211377095550","error":""},"_links":{"self":[{"href":"https:\/\/www.europesays.com\/ch-fr\/wp-json\/wp\/v2\/posts\/291620","targetHints":{"allow":["GET"]}}],"collection":[{"href":"https:\/\/www.europesays.com\/ch-fr\/wp-json\/wp\/v2\/posts"}],"about":[{"href":"https:\/\/www.europesays.com\/ch-fr\/wp-json\/wp\/v2\/types\/post"}],"author":[{"embeddable":true,"href":"https:\/\/www.europesays.com\/ch-fr\/wp-json\/wp\/v2\/users\/2"}],"replies":[{"embeddable":true,"href":"https:\/\/www.europesays.com\/ch-fr\/wp-json\/wp\/v2\/comments?post=291620"}],"version-history":[{"count":0,"href":"https:\/\/www.europesays.com\/ch-fr\/wp-json\/wp\/v2\/posts\/291620\/revisions"}],"wp:featuredmedia":[{"embeddable":true,"href":"https:\/\/www.europesays.com\/ch-fr\/wp-json\/wp\/v2\/media\/291621"}],"wp:attachment":[{"href":"https:\/\/www.europesays.com\/ch-fr\/wp-json\/wp\/v2\/media?parent=291620"}],"wp:term":[{"taxonomy":"category","embeddable":true,"href":"https:\/\/www.europesays.com\/ch-fr\/wp-json\/wp\/v2\/categories?post=291620"},{"taxonomy":"post_tag","embeddable":true,"href":"https:\/\/www.europesays.com\/ch-fr\/wp-json\/wp\/v2\/tags?post=291620"}],"curies":[{"name":"wp","href":"https:\/\/api.w.org\/{rel}","templated":true}]}}