{"id":291650,"date":"2026-09-04T14:39:12","date_gmt":"2026-09-04T14:39:12","guid":{"rendered":"https:\/\/www.europesays.com\/ch-fr\/291650\/"},"modified":"2026-09-04T14:39:12","modified_gmt":"2026-09-04T14:39:12","slug":"santis-une-masse-rocheuse-de-15000-m3-menace-de-seffondrer","status":"publish","type":"post","link":"https:\/\/www.europesays.com\/ch-fr\/291650\/","title":{"rendered":"S\u00e4ntis : une masse rocheuse de 15&rsquo;000 m3 menace de s&rsquo;effondrer"},"content":{"rendered":"\n<p>Une masse rocheuse de 10&rsquo;000 \u00e0 15&rsquo;000 m3 menace de s&rsquo;effondrer sur le versant nord du S\u00e4ntis, dans les Pr\u00e9alpes appenzelloises.Une gravi\u00e8re de Schw\u00e4galp a \u00e9t\u00e9 \u00e9vacu\u00e9e et le p\u00e9rim\u00e8tre a \u00e9t\u00e9 boucl\u00e9 par les autorit\u00e9s cantonales.Des g\u00e9ologues mandat\u00e9s par le canton d&rsquo;Appenzell Rhodes-Ext\u00e9rieures \u00e9valuent les risques et les mesures n\u00e9cessaires dans les prochaines semaines.<\/p>\n<p>Ce r\u00e9sum\u00e9 a-t-il \u00e9t\u00e9 utile ?<\/p>\n<p>    \u2139\ufe0f R\u00e9sum\u00e9 propos\u00e9 par l&rsquo;IA et valid\u00e9 par nos journalistes. <a class=\"article-summary-info__link\" href=\"https:\/\/www.rts.ch\/entreprise\/2025\/article\/charte-sur-l-utilisation-de-l-ia-a-la-rts-29020587.html\" rel=\"nofollow noopener\" target=\"_blank\">En savoir plus<\/a>  <\/p>\n<p> Masquer  <\/p>\n","protected":false},"excerpt":{"rendered":"Une masse rocheuse de 10&rsquo;000 \u00e0 15&rsquo;000 m3 menace de s&rsquo;effondrer sur le versant nord du S\u00e4ntis, dans&hellip;\n","protected":false},"author":2,"featured_media":291651,"comment_status":"","ping_status":"","sticky":false,"template":"","format":"standard","meta":{"footnotes":"","_share_on_mastodon":"0"},"categories":[6],"tags":[516,45,39873,2889,1835,1501,4242,44,43,5307,63484,1643,296,23],"class_list":["post-291650","post","type-post","status-publish","format-standard","has-post-thumbnail","category-economie","tag-autres-cantons","tag-business","tag-canton-dappenzell-rhodes-exterieures","tag-catastrophe-naturelle","tag-desastres","tag-desastres-et-accidents","tag-eboulement","tag-economie","tag-economy","tag-prealpes","tag-prealpes-appenzelloises","tag-risque","tag-science-et-technologie","tag-suisse"],"share_on_mastodon":{"url":"https:\/\/pubeurope.com\/@ch_fr\/117213289743654453","error":""},"_links":{"self":[{"href":"https:\/\/www.europesays.com\/ch-fr\/wp-json\/wp\/v2\/posts\/291650","targetHints":{"allow":["GET"]}}],"collection":[{"href":"https:\/\/www.europesays.com\/ch-fr\/wp-json\/wp\/v2\/posts"}],"about":[{"href":"https:\/\/www.europesays.com\/ch-fr\/wp-json\/wp\/v2\/types\/post"}],"author":[{"embeddable":true,"href":"https:\/\/www.europesays.com\/ch-fr\/wp-json\/wp\/v2\/users\/2"}],"replies":[{"embeddable":true,"href":"https:\/\/www.europesays.com\/ch-fr\/wp-json\/wp\/v2\/comments?post=291650"}],"version-history":[{"count":0,"href":"https:\/\/www.europesays.com\/ch-fr\/wp-json\/wp\/v2\/posts\/291650\/revisions"}],"wp:featuredmedia":[{"embeddable":true,"href":"https:\/\/www.europesays.com\/ch-fr\/wp-json\/wp\/v2\/media\/291651"}],"wp:attachment":[{"href":"https:\/\/www.europesays.com\/ch-fr\/wp-json\/wp\/v2\/media?parent=291650"}],"wp:term":[{"taxonomy":"category","embeddable":true,"href":"https:\/\/www.europesays.com\/ch-fr\/wp-json\/wp\/v2\/categories?post=291650"},{"taxonomy":"post_tag","embeddable":true,"href":"https:\/\/www.europesays.com\/ch-fr\/wp-json\/wp\/v2\/tags?post=291650"}],"curies":[{"name":"wp","href":"https:\/\/api.w.org\/{rel}","templated":true}]}}