{"id":291654,"date":"2026-09-04T14:41:07","date_gmt":"2026-09-04T14:41:07","guid":{"rendered":"https:\/\/www.europesays.com\/ch-fr\/291654\/"},"modified":"2026-09-04T14:41:07","modified_gmt":"2026-09-04T14:41:07","slug":"le-gouvernement-tessinois-retire-son-departement-a-claudio-zali-mais-le-ministre-refuse-de-demissionner-tout-de-suite","status":"publish","type":"post","link":"https:\/\/www.europesays.com\/ch-fr\/291654\/","title":{"rendered":"Le gouvernement tessinois retire son d\u00e9partement \u00e0 Claudio Zali, mais le ministre refuse de d\u00e9missionner tout de suite"},"content":{"rendered":"<p>    R\u00e9sum\u00e9 en 20 secondes<\/p>\n<p>        En savoir plus sur ce type de contenu<\/p>\n<p>Ce r\u00e9sum\u00e9 peut avoir \u00e9t\u00e9 \u00e9crit avec l&rsquo;assistance d\u2019une IA g\u00e9n\u00e9rative. <a href=\"https:\/\/www.letemps.ch\/cyber\/l-usage-de-l-ia-generative-par-les-journalistes-du-temps\" rel=\"nofollow noopener\" target=\"_blank\">En savoir plus<\/a><\/p>\n<p class=\"article__abstract-call-to-action\" data-ariato=\"TrackableElement\" data-trackable-element-type=\"article_abstract_cta\" data-trackable-element-location=\"article_header\" data-trackable-element-id=\"541608\">\n        <a data-event=\"click-&gt;clicked\" href=\"https:\/\/www.letemps.ch\/abonnements\" rel=\"nofollow noopener\" target=\"_blank\">Abonnez-vous<\/a> pour acc\u00e9der au r\u00e9sum\u00e9 en 20 secondes.\n      <\/p>\n<p>Le Tessin est dans tous ses \u00e9tats. Mercredi en conf\u00e9rence de presse, le Conseil d\u2019Etat, Claudio Zali en moins, a annonc\u00e9 retirer le d\u00e9partement du territoire au ministre absent. La veille, les ministres appenaient via la presse l&rsquo;ouverture d\u2019une proc\u00e9dure p\u00e9nale par le Minist\u00e8re public (MP) \u00e0 l\u2019encontre de Zali pour des infractions contre l\u2019int\u00e9grit\u00e9 sexuelle remontant \u00e0 plusieurs ann\u00e9es. La pr\u00e9somption d\u2019innocence s&rsquo;impose, mais le gouvernement a jug\u00e9 qu\u2019il s\u2019agissait \u00abd\u2019un pas dans la bonne direction pour pr\u00e9server la cr\u00e9dibilit\u00e9 des institutions\u00bb.<\/p>\n<p>R\u00e9uni en s\u00e9ance extraordinaire mardi, le Conseil d\u2019Etat a donc demand\u00e9 \u00e0 Claudio Zali de quitter imm\u00e9diatement sa fonction \u00e0 l&rsquo;ex\u00e9cutif \u2013 sans attendre jusqu\u2019\u00e0 la fin septembre comme pr\u00e9vu, suite \u00e0 une s\u00e9rie d\u2019affaires \u2013 et a r\u00e9it\u00e9r\u00e9 sa demande mercredi. Ne pouvant l\u2019y obliger, son d\u00e9partement lui a \u00e9t\u00e9 retir\u00e9 et sera g\u00e9r\u00e9 par Raffaele De Rosa, directeur de la Sant\u00e9. La pr\u00e9sidente du Conseil d\u2019Etat, Marina Carobbio, a voulu rassurer la population en ce \u00abmoment difficile\u00bb quant au bon fonctionnement des institutions, r\u00e9affirmant que \u00abla violence de genre est un th\u00e8me central pour le gouvernement\u00bb.<\/p>\n","protected":false},"excerpt":{"rendered":"R\u00e9sum\u00e9 en 20 secondes En savoir plus sur ce type de contenu Ce r\u00e9sum\u00e9 peut avoir \u00e9t\u00e9 \u00e9crit&hellip;\n","protected":false},"author":2,"featured_media":291655,"comment_status":"","ping_status":"","sticky":false,"template":"","format":"standard","meta":{"footnotes":"","_share_on_mastodon":"0"},"categories":[3],"tags":[25011,39,14977,174,23,1255],"class_list":["post-291654","post","type-post","status-publish","format-standard","has-post-thumbnail","category-suisse","tag-feminicides","tag-justice","tag-le-centre","tag-premium","tag-suisse","tag-udc"],"share_on_mastodon":{"url":"https:\/\/pubeurope.com\/@ch_fr\/117213297592071353","error":""},"_links":{"self":[{"href":"https:\/\/www.europesays.com\/ch-fr\/wp-json\/wp\/v2\/posts\/291654","targetHints":{"allow":["GET"]}}],"collection":[{"href":"https:\/\/www.europesays.com\/ch-fr\/wp-json\/wp\/v2\/posts"}],"about":[{"href":"https:\/\/www.europesays.com\/ch-fr\/wp-json\/wp\/v2\/types\/post"}],"author":[{"embeddable":true,"href":"https:\/\/www.europesays.com\/ch-fr\/wp-json\/wp\/v2\/users\/2"}],"replies":[{"embeddable":true,"href":"https:\/\/www.europesays.com\/ch-fr\/wp-json\/wp\/v2\/comments?post=291654"}],"version-history":[{"count":0,"href":"https:\/\/www.europesays.com\/ch-fr\/wp-json\/wp\/v2\/posts\/291654\/revisions"}],"wp:featuredmedia":[{"embeddable":true,"href":"https:\/\/www.europesays.com\/ch-fr\/wp-json\/wp\/v2\/media\/291655"}],"wp:attachment":[{"href":"https:\/\/www.europesays.com\/ch-fr\/wp-json\/wp\/v2\/media?parent=291654"}],"wp:term":[{"taxonomy":"category","embeddable":true,"href":"https:\/\/www.europesays.com\/ch-fr\/wp-json\/wp\/v2\/categories?post=291654"},{"taxonomy":"post_tag","embeddable":true,"href":"https:\/\/www.europesays.com\/ch-fr\/wp-json\/wp\/v2\/tags?post=291654"}],"curies":[{"name":"wp","href":"https:\/\/api.w.org\/{rel}","templated":true}]}}