{"id":291682,"date":"2026-09-04T14:57:22","date_gmt":"2026-09-04T14:57:22","guid":{"rendered":"https:\/\/www.europesays.com\/ch-fr\/291682\/"},"modified":"2026-09-04T14:57:22","modified_gmt":"2026-09-04T14:57:22","slug":"les-visiteurs-suisses-portent-les-nuitees-hotelieres-en-juillet","status":"publish","type":"post","link":"https:\/\/www.europesays.com\/ch-fr\/291682\/","title":{"rendered":"Les visiteurs suisses portent les nuit\u00e9es h\u00f4teli\u00e8res en juillet"},"content":{"rendered":"<p class=\"wysiwyg-h2\">Le mois de juillet s&rsquo;est r\u00e9v\u00e9l\u00e9 favorable pour le secteur suisse de l&rsquo;h\u00f4tellerie, qui a g\u00e9n\u00e9r\u00e9 4,96 millions de nuit\u00e9es, un volume en hausse de 0,5% sur un an.<\/p>\n<p>Les visiteurs helv\u00e9tiques ont port\u00e9 les statistiques (+3,9% \u00e0 2,32 millions), gagnant ainsi du terrain sur les touristes \u00e9trangers (-2,4% \u00e0 2,64 millions), indique vendredi l&rsquo;Office f\u00e9d\u00e9ral de la statistique (OFS) dans son rapport mensuel.<\/p>\n<p>En revanche, les \u00e9tablissements suisses ont subi une l\u00e9g\u00e8re \u00e9rosion de leur fr\u00e9quentation depuis le d\u00e9but de l&rsquo;ann\u00e9e. Les nuit\u00e9es se sont tass\u00e9es de 0,5% \u00e0 25,28 millions d&rsquo;unit\u00e9s. Les h\u00f4tes suisses repr\u00e9sentent 12,44 millions de nuit\u00e9es \u00e0 eux seuls, en hausse de 1,3%. Du c\u00f4t\u00e9 des clients \u00e9trangers, un recul de 2,1% \u00e0 12,84 millions est constat\u00e9.<\/p>\n<p> \/ATS<\/p>\n","protected":false},"excerpt":{"rendered":"Le mois de juillet s&rsquo;est r\u00e9v\u00e9l\u00e9 favorable pour le secteur suisse de l&rsquo;h\u00f4tellerie, qui a g\u00e9n\u00e9r\u00e9 4,96 millions&hellip;\n","protected":false},"author":2,"featured_media":291683,"comment_status":"","ping_status":"","sticky":false,"template":"","format":"standard","meta":{"footnotes":"","_share_on_mastodon":"0"},"categories":[6],"tags":[121,124,128,45,119,44,43,122,123,118,136,132,131,133,130,135,120,126,117,125,114,115,116,23,129,127,134],"class_list":["post-291682","post","type-post","status-publish","format-standard","has-post-thumbnail","category-economie","tag-ajoie","tag-animation","tag-bienne","tag-business","tag-delemont","tag-economie","tag-economy","tag-franches-montagnes","tag-frequence","tag-jura","tag-jura-bernois","tag-la-chaux-de-fonds","tag-moutier","tag-neuchatel","tag-neuveville","tag-payerne","tag-porrentruy","tag-publicite","tag-radio","tag-redaction","tag-rfj","tag-rjb","tag-rtn","tag-suisse","tag-tavannes","tag-vallon-de-st-imier","tag-yverdon"],"share_on_mastodon":{"url":"https:\/\/pubeurope.com\/@ch_fr\/117213360780063391","error":""},"_links":{"self":[{"href":"https:\/\/www.europesays.com\/ch-fr\/wp-json\/wp\/v2\/posts\/291682","targetHints":{"allow":["GET"]}}],"collection":[{"href":"https:\/\/www.europesays.com\/ch-fr\/wp-json\/wp\/v2\/posts"}],"about":[{"href":"https:\/\/www.europesays.com\/ch-fr\/wp-json\/wp\/v2\/types\/post"}],"author":[{"embeddable":true,"href":"https:\/\/www.europesays.com\/ch-fr\/wp-json\/wp\/v2\/users\/2"}],"replies":[{"embeddable":true,"href":"https:\/\/www.europesays.com\/ch-fr\/wp-json\/wp\/v2\/comments?post=291682"}],"version-history":[{"count":0,"href":"https:\/\/www.europesays.com\/ch-fr\/wp-json\/wp\/v2\/posts\/291682\/revisions"}],"wp:featuredmedia":[{"embeddable":true,"href":"https:\/\/www.europesays.com\/ch-fr\/wp-json\/wp\/v2\/media\/291683"}],"wp:attachment":[{"href":"https:\/\/www.europesays.com\/ch-fr\/wp-json\/wp\/v2\/media?parent=291682"}],"wp:term":[{"taxonomy":"category","embeddable":true,"href":"https:\/\/www.europesays.com\/ch-fr\/wp-json\/wp\/v2\/categories?post=291682"},{"taxonomy":"post_tag","embeddable":true,"href":"https:\/\/www.europesays.com\/ch-fr\/wp-json\/wp\/v2\/tags?post=291682"}],"curies":[{"name":"wp","href":"https:\/\/api.w.org\/{rel}","templated":true}]}}