{"id":291702,"date":"2026-09-04T15:11:16","date_gmt":"2026-09-04T15:11:16","guid":{"rendered":"https:\/\/www.europesays.com\/ch-fr\/291702\/"},"modified":"2026-09-04T15:11:16","modified_gmt":"2026-09-04T15:11:16","slug":"sorties-culturelles-que-faire-ce-week-end-du-4-au-6-septembre","status":"publish","type":"post","link":"https:\/\/www.europesays.com\/ch-fr\/291702\/","title":{"rendered":"Sorties culturelles: que faire ce week-end du 4 au 6 septembre?"},"content":{"rendered":"<p>RTS Culture vous propose chaque semaine avec Vertigo quelques bons plans de sorties culturelles. Ce week-end, de la photo \u00e0 Vevey avec la Biennale Images, une r\u00e9trospective consacr\u00e9e \u00e0 Coghuf dans le Jura, un concert flamenco-baroque \u00e0 Gen\u00e8ve, un festival celtique \u00e0 Fribourg, du th\u00e9\u00e2tre en plein air en Valais et de la musique au Noirmont (JU).<\/p>\n<p>De la photo \u00e0 Vevey (VD)<\/p>\n<p>La Biennale Images Vevey f\u00eate ses dix ans sous le th\u00e8me &lsquo;We are family!&rsquo;. Elle propose cinquante projets venus de vingt-et-un pays. Ouverture publique ce samedi 5 septembre \u00e0 17h30 au Th\u00e9\u00e2tre de Verdure (Jardin du Rivage). L&rsquo;\u00e9v\u00e9nement est gratuit et visible jusqu&rsquo;au 27 septembre.<\/p>\n<p> <img decoding=\"async\" src=\"https:\/\/www.europesays.com\/ch-fr\/wp-content\/uploads\/2026\/09\/93fbd1c4-29347306.image.jpeg\" alt=\"Montage de la b\u00e2che 'Martin Parr from The Garden', Si\u00e2n Davey. [Images Vevey 2026 - Laetitia Gessler]\" title=\"Montage de la b\u00e2che 'Martin Parr from The Garden', Si\u00e2n Davey. [Images Vevey 2026 - Laetitia Gessler]\" loading=\"lazy\"\/>  Montage de la b\u00e2che &lsquo;Martin Parr from The Garden&rsquo;, Si\u00e2n Davey. [Images Vevey 2026 &#8211; Laetitia Gessler] Une r\u00e9trospective in\u00e9dite dans le Jura<\/p>\n<p>Coghuf, n\u00e9 Ernst Stocker \u00e0 B\u00e2le et Jurassien d&rsquo;adoption d\u00e8s les ann\u00e9es 1930, disparaissait il y a cinquante ans. L&rsquo;occasion de la plus importante r\u00e9trospective consacr\u00e9e \u00e0 l&rsquo;artiste depuis sa mort. Plus de 170 \u0153uvres sont rassembl\u00e9es entre le Mus\u00e9e d&rsquo;art et d&rsquo;histoire de Del\u00e9mont, le Mus\u00e9e de l&rsquo;H\u00f4tel Dieu de Porrentruy et le Mus\u00e9e jurassien des Arts de Moutier.<\/p>\n<p>Deux lieux compl\u00e8tent la manifestation dans les Franches-Montagnes: la maison de l&rsquo;artiste et son atelier rest\u00e9 intact \u00e0 Muriaux, ainsi qu&rsquo;une ferme abritant une collection priv\u00e9e au B\u00e9mont. Les vernissages de cette r\u00e9trospective en cinq lieux se tiennent ce week-end.<\/p>\n<p> <img decoding=\"async\" src=\"https:\/\/www.europesays.com\/ch-fr\/wp-content\/uploads\/2026\/09\/fab318ee-29347311.image.jpeg\" alt=\"Ernst Stocker dit Coghuf, 'Autoportrait au papier peint fleuri', 1929. [Succession Stocker - Gilles Monney]\" title=\"Ernst Stocker dit Coghuf, 'Autoportrait au papier peint fleuri', 1929. [Succession Stocker - Gilles Monney]\" loading=\"lazy\"\/>  Ernst Stocker dit Coghuf, &lsquo;Autoportrait au papier peint fleuri&rsquo;, 1929. [Succession Stocker &#8211; Gilles Monney] Un concert flamenco-baroque \u00e0 Gen\u00e8ve<\/p>\n<p>La guitariste Lydie Fuerte pr\u00e9sente &lsquo;BARROCA&rsquo;, mariage entre Bach, Vivaldi et flamenco, avec Juan-Manuel Cort\u00e8s, Alberto Garc\u00eda et en invit\u00e9e sp\u00e9ciale la danseuse Rebeca Castilla. Samedi 5 septembre \u00e0 la librairie L&rsquo;Olivier de Gen\u00e8ve.<\/p>\n<p>Contenu externe<\/p>\n<p> Ce contenu externe ne peut pas \u00eatre affich\u00e9 car il est susceptible de collecter des donn\u00e9es personnelles. Pour voir ce contenu vous devez autoriser la cat\u00e9gorie R\u00e9seaux sociaux. <\/p>\n<p> Accepter Plus d&rsquo;info <\/p>\n<p>    Un festival celtique \u00e0 Fribourg<\/p>\n<p>Le Celtic Bel&rsquo;Festival anime le Belluard du 3 au 5 septembre avec des spectacles, de la cr\u00e9ation artisanale, de la restauration et tout cela bien s\u00fbr avant tout en musique avec Coverdrive, FRI-pipes, The Wild Shamrocks, the Power of Lemania, la Traditional Pipe Band de Lausanne, entre autres.<\/p>\n<p>Contenu externe<\/p>\n<p> Ce contenu externe ne peut pas \u00eatre affich\u00e9 car il est susceptible de collecter des donn\u00e9es personnelles. Pour voir ce contenu vous devez autoriser la cat\u00e9gorie R\u00e9seaux sociaux. <\/p>\n<p> Accepter Plus d&rsquo;info <\/p>\n<p>    Du th\u00e9\u00e2tre en plein air en Valais<\/p>\n<p>Il s&rsquo;agit de la premi\u00e8re pi\u00e8ce de th\u00e9\u00e2tre sign\u00e9e Delphine de Vigan. &lsquo;Les Figurants&rsquo;, mise en sc\u00e8ne par Fred Mudry, offre une plong\u00e9e dans les coulisses d&rsquo;un tournage de cin\u00e9ma, c\u00f4t\u00e9 figurants plut\u00f4t que stars. Le spectacle cl\u00f4t sa tourn\u00e9e itin\u00e9rante &lsquo;Sc\u00e8nes de villages&rsquo; \u00e0 Saillon, ce vendredi soir \u00e0 19h30, puis sera samedi \u00e0 Grimisuat. En plein air s&rsquo;il fait beau, des salles sont pr\u00e9vues en cas de mauvais temps.<\/p>\n<p> &gt;&gt; A \u00e9couter, une interview de Delphine de Vigan dans Vertigo \u00e0 propos de sa pi\u00e8ce &lsquo;Les Figurants&rsquo;\u00a0:    Delphine de Vigan, \u00ab\u00a0Les Figurants\u00a0\u00bb (\u00e9d. Gallimard) \/ Etc\u00e9t\u00e9ra \/ 24 min. \/ le 16 novembre 2024 Le Chant du Gros et le P&rsquo;tit du Gros, Noirmont (JU)<\/p>\n<p>Bienvenue au festival du\u00a0Chant du Gros, nich\u00e9 dans les hauteurs du canton du Jura en Suisse, au Noirmont. On pourra y voir Bigflo &amp; Oli, H\u00e9l\u00e8ne Segara, L\u00e9man, Matt Pokora, Helena, Ultra Vomit ou encore Sniper jusqu&rsquo;au 5 septembre. En parall\u00e8le se tient aussi le P&rsquo;tit du Gros, enti\u00e8rement gratuit, qui met \u00e0 l&rsquo;honneur la sc\u00e8ne musicale suisse, avec notamment Superweak et Antoino.<\/p>\n<p> &gt;&gt; A voir, le format Mono\/St\u00e9r\u00e9o avec Antoino\u00a0:   <img decoding=\"async\" class=\"embed-responsive-item\" loading=\"lazy\" src=\"https:\/\/www.europesays.com\/ch-fr\/wp-content\/uploads\/2026\/09\/3lko0k-28924706.image.png\" alt=\"Le rappeur Antoino et le guitariste Sam Paq. [RTS]\"\/>    Rap unplugged au bord de l\u2019eau \/ Plan live \/ 8 min. \/ le 25 juin 2025 <\/p>\n<p>Cette information sera trait\u00e9e dans l&rsquo;\u00e9mission Vertigo sur RTS Premi\u00e8re ce vendredi 4 septembre 2026 \u00e0 17h.<\/p>\n<p class=\"sources\">RTS Culture<\/p>\n","protected":false},"excerpt":{"rendered":"RTS Culture vous propose chaque semaine avec Vertigo quelques bons plans de sorties culturelles. Ce week-end, de la&hellip;\n","protected":false},"author":2,"featured_media":291703,"comment_status":"","ping_status":"","sticky":false,"template":"","format":"standard","meta":{"footnotes":"","_share_on_mastodon":"0"},"categories":[10],"tags":[380,2805,648,172,113,112,650,63489,2009,141,755,23,173],"class_list":["post-291702","post","type-post","status-publish","format-standard","has-post-thumbnail","category-divertissement","tag-arts-et-divertissement","tag-canton-du-jura","tag-concert","tag-culture","tag-divertissement","tag-entertainment","tag-festival","tag-langues-celtiques","tag-musee","tag-musique","tag-photographie","tag-suisse","tag-theatre"],"share_on_mastodon":{"url":"https:\/\/pubeurope.com\/@ch_fr\/117213415889888286","error":""},"_links":{"self":[{"href":"https:\/\/www.europesays.com\/ch-fr\/wp-json\/wp\/v2\/posts\/291702","targetHints":{"allow":["GET"]}}],"collection":[{"href":"https:\/\/www.europesays.com\/ch-fr\/wp-json\/wp\/v2\/posts"}],"about":[{"href":"https:\/\/www.europesays.com\/ch-fr\/wp-json\/wp\/v2\/types\/post"}],"author":[{"embeddable":true,"href":"https:\/\/www.europesays.com\/ch-fr\/wp-json\/wp\/v2\/users\/2"}],"replies":[{"embeddable":true,"href":"https:\/\/www.europesays.com\/ch-fr\/wp-json\/wp\/v2\/comments?post=291702"}],"version-history":[{"count":0,"href":"https:\/\/www.europesays.com\/ch-fr\/wp-json\/wp\/v2\/posts\/291702\/revisions"}],"wp:featuredmedia":[{"embeddable":true,"href":"https:\/\/www.europesays.com\/ch-fr\/wp-json\/wp\/v2\/media\/291703"}],"wp:attachment":[{"href":"https:\/\/www.europesays.com\/ch-fr\/wp-json\/wp\/v2\/media?parent=291702"}],"wp:term":[{"taxonomy":"category","embeddable":true,"href":"https:\/\/www.europesays.com\/ch-fr\/wp-json\/wp\/v2\/categories?post=291702"},{"taxonomy":"post_tag","embeddable":true,"href":"https:\/\/www.europesays.com\/ch-fr\/wp-json\/wp\/v2\/tags?post=291702"}],"curies":[{"name":"wp","href":"https:\/\/api.w.org\/{rel}","templated":true}]}}