{"id":291706,"date":"2026-09-04T15:13:10","date_gmt":"2026-09-04T15:13:10","guid":{"rendered":"https:\/\/www.europesays.com\/ch-fr\/291706\/"},"modified":"2026-09-04T15:13:10","modified_gmt":"2026-09-04T15:13:10","slug":"audrey-werro-a-bruxelles-pour-conserver-son-invincibilite-2","status":"publish","type":"post","link":"https:\/\/www.europesays.com\/ch-fr\/291706\/","title":{"rendered":"Audrey Werro \u00e0 Bruxelles pour conserver son invincibilit\u00e9"},"content":{"rendered":"<p class=\"wysiwyg-h2\">Six athl\u00e8tes suisses participent \u00e0 la finale de la Diamond League ce week-end \u00e0 Bruxelles. Audrey Werro, invaincue cette ann\u00e9e sur 800 m, va vouloir le rester.<\/p>\n<p>La longue saison d&rsquo;athl\u00e9tisme touche \u00e0 sa fin pour Werro et le reste du plateau. Apr\u00e8s Bruxelles, la Fribourgeoise ira normalement \u00e0 Budapest pour les Ultimate Championships et pourra ranger cette saison historique dans les livres d&rsquo;histoire.<\/p>\n<p>Elle a remport\u00e9 les cinq courses auxquelles elle a particip\u00e9 dans le cadre de la Diamond League, \u00e0 Rabat, Stockholm, Paris, Lausanne et Zurich. Elle a \u00e9tabli \u00e0 trois reprises la meilleure performance mondiale de l\u2019ann\u00e9e et battu cinq fois le record du meeting.<\/p>\n<p>Au Weltklasse vendredi dernier, l&rsquo;athl\u00e8te du CA Belfaux a \u00e9chou\u00e9 \u00e0 0\u00a0\u00bb42 du record du monde plus que suspicieux de Jarmila Kratochvilova. Avec ses 1&rsquo;53\u00a0\u00bb70, Audrey Werro a abaiss\u00e9 de 0\u00a0\u00bb10 son record de Suisse et conserv\u00e9 son invincibilit\u00e9 cette ann\u00e9e sur la distance.<\/p>\n<p>Hodgkinson absente<\/p>\n<p>La troisi\u00e8me femme de l&rsquo;histoire sous les 1&rsquo;54 aura une nouvelle occasion de briller samedi en fin de session (21h39) pour une course tr\u00e8s attendue. Le double tour de piste est devenu l&rsquo;une des attractions principales en raison de la qualit\u00e9 des coureuses et leur capacit\u00e9 \u00e0 aller toutes tr\u00e8s vite. Comme \u00e0 Zurich cependant, Keely Hodgkinson ne sera pas de la partie. La championne olympique britannique n&rsquo;a plus couru depuis la finale des Europ\u00e9ens de Birmingham. Elle se remet d&rsquo;une l\u00e9g\u00e8re blessure aux ischio-jambiers et aimerait \u00eatre d&rsquo;attaque pour Budapest et son tr\u00e8s gros prize-money.<\/p>\n<p>Cela signifie que Werro devra \u00e0 nouveau se m\u00e9fier de Femke Broeders-Bol, de plus en plus rapide dans cette nouvelle discipline et qui a abaiss\u00e9 son record des Pays-Bas en 1&rsquo;54\u00a0\u00bb71 au Letzigrund. Une deuxi\u00e8me Suissesse sera de la partie avec la Fribourgeoise Veronica Vancardo.<\/p>\n<p>Ehammer en lice vendredi<\/p>\n<p>Outre ces deux sp\u00e9cialistes du 800 m, Angelica Moser s\u2019est \u00e9galement qualifi\u00e9e pour ces finales en Belgique. Avec six places sur le podium en six d\u00e9parts cette saison, la Zurichoise de 28 ans a r\u00e9ussi \u00e0 devenir tr\u00e8s constante dans ses performances. Si les conditions sont r\u00e9unies, Moser pourrait viser son record de Suisse (4,88 m).<\/p>\n<p>Chez les messieurs, Timoth\u00e9 Mumenthaler prendra le d\u00e9part du 200 m, Dominic Lobalu du 5000 m et Simon Ehammer du concours de la longueur. Ehammer sera le seul membre de la d\u00e9l\u00e9gation helv\u00e9tique \u00e0 entrer en lice vendredi. L&rsquo;Appenzellois pourrait remporter son troisi\u00e8me Diamond Trophy apr\u00e8s ceux de 2023 et 2025. Mais le d\u00e9cathlonien devra r\u00e9aliser une tr\u00e8s grande performance face \u00e0 un plateau tr\u00e8s relev\u00e9 et la pr\u00e9sence de Miltiadis Tentoglou, double champion olympique et vainqueur du titre europ\u00e9en cette saison.<\/p>\n<p> \/ATS<\/p>\n","protected":false},"excerpt":{"rendered":"Six athl\u00e8tes suisses participent \u00e0 la finale de la Diamond League ce week-end \u00e0 Bruxelles. Audrey Werro, invaincue&hellip;\n","protected":false},"author":2,"featured_media":291707,"comment_status":"","ping_status":"","sticky":false,"template":"","format":"standard","meta":{"footnotes":"","_share_on_mastodon":"0"},"categories":[8],"tags":[121,124,128,119,122,123,118,136,132,131,133,130,135,120,126,117,125,114,115,116,75,23,129,127,134],"class_list":["post-291706","post","type-post","status-publish","format-standard","has-post-thumbnail","category-sports","tag-ajoie","tag-animation","tag-bienne","tag-delemont","tag-franches-montagnes","tag-frequence","tag-jura","tag-jura-bernois","tag-la-chaux-de-fonds","tag-moutier","tag-neuchatel","tag-neuveville","tag-payerne","tag-porrentruy","tag-publicite","tag-radio","tag-redaction","tag-rfj","tag-rjb","tag-rtn","tag-sports","tag-suisse","tag-tavannes","tag-vallon-de-st-imier","tag-yverdon"],"share_on_mastodon":{"url":"https:\/\/pubeurope.com\/@ch_fr\/117213423794726979","error":""},"_links":{"self":[{"href":"https:\/\/www.europesays.com\/ch-fr\/wp-json\/wp\/v2\/posts\/291706","targetHints":{"allow":["GET"]}}],"collection":[{"href":"https:\/\/www.europesays.com\/ch-fr\/wp-json\/wp\/v2\/posts"}],"about":[{"href":"https:\/\/www.europesays.com\/ch-fr\/wp-json\/wp\/v2\/types\/post"}],"author":[{"embeddable":true,"href":"https:\/\/www.europesays.com\/ch-fr\/wp-json\/wp\/v2\/users\/2"}],"replies":[{"embeddable":true,"href":"https:\/\/www.europesays.com\/ch-fr\/wp-json\/wp\/v2\/comments?post=291706"}],"version-history":[{"count":0,"href":"https:\/\/www.europesays.com\/ch-fr\/wp-json\/wp\/v2\/posts\/291706\/revisions"}],"wp:featuredmedia":[{"embeddable":true,"href":"https:\/\/www.europesays.com\/ch-fr\/wp-json\/wp\/v2\/media\/291707"}],"wp:attachment":[{"href":"https:\/\/www.europesays.com\/ch-fr\/wp-json\/wp\/v2\/media?parent=291706"}],"wp:term":[{"taxonomy":"category","embeddable":true,"href":"https:\/\/www.europesays.com\/ch-fr\/wp-json\/wp\/v2\/categories?post=291706"},{"taxonomy":"post_tag","embeddable":true,"href":"https:\/\/www.europesays.com\/ch-fr\/wp-json\/wp\/v2\/tags?post=291706"}],"curies":[{"name":"wp","href":"https:\/\/api.w.org\/{rel}","templated":true}]}}