{"id":291716,"date":"2026-09-04T15:18:18","date_gmt":"2026-09-04T15:18:18","guid":{"rendered":"https:\/\/www.europesays.com\/ch-fr\/291716\/"},"modified":"2026-09-04T15:18:18","modified_gmt":"2026-09-04T15:18:18","slug":"viaduc-de-la-landwasser-slalom-acrobatique-en-parachute","status":"publish","type":"post","link":"https:\/\/www.europesays.com\/ch-fr\/291716\/","title":{"rendered":"Viaduc de la Landwasser : slalom acrobatique en parachute"},"content":{"rendered":"<p>Le vol du parachutiste professionnel Patrick von K\u00e4nel autour des piliers du c\u00e9l\u00e8bre viaduc de la Landwasser, dans le canton des Grisons, et pendant le passage d&rsquo;un train a suscit\u00e9 un grand int\u00e9r\u00eat sur les r\u00e9seaux sociaux. Une op\u00e9ration effectu\u00e9e dans des conditions de s\u00e9curit\u00e9 millim\u00e9tr\u00e9es.<\/p>\n<p>Cette performance spectaculaire de Patrick von K\u00e4nel a aussi \u00e9t\u00e9 rendue possibles par les Chemins de fer rh\u00e9tiques, qui ont accompagn\u00e9 le projet de Red Bull Suisse et coordonn\u00e9 sa r\u00e9alisation avec les diff\u00e9rents partenaires.<\/p>\n<p>Sa porte-parole Yvonne D\u00fcnser revient au micro de RTR sur les enjeux de s\u00e9curit\u00e9, le r\u00f4le jou\u00e9 par la compagnie ferroviaire et les coulisses d\u2019une collaboration qui a largement d\u00e9pass\u00e9 le simple cadre promotionnel.<\/p>\n<p>   Maletg: instagram.com\/patrick_vonkaenel <\/p>\n<p>RTR: Qu\u2019est-ce qui vous a motiv\u00e9s \u00e0 collaborer avec Red Bull et quelles r\u00e9flexions avez-vous d\u00fb mener avec votre partenaire avant de concr\u00e9tiser ce projet?<\/p>\n<p>Yvonne D\u00fcnser: La demande de Red Bull, \u00e0 l\u2019initiative du parachutiste professionnel Patrick von K\u00e4nel, est parvenue aux Chemins de fer rh\u00e9tiques l\u2019ann\u00e9e derni\u00e8re. Apr\u00e8s avoir donn\u00e9 un premier accord de principe, la compagnie a \u00e9tudi\u00e9 la faisabilit\u00e9 du projet et analys\u00e9, avec Patrick von K\u00e4nel et Red Bull, les questions de s\u00e9curit\u00e9, tant pour le pilote que pour l\u2019exploitation ferroviaire.<\/p>\n<p>Un \u00e9l\u00e9ment d\u00e9terminant \u00e9tait que le vol en slalom ne devait pas s\u2019effectuer au-dessus du viaduc ni des voies, mais autour de ses piliers. Le trafic ferroviaire n\u2019\u00e9tait donc pas directement concern\u00e9. Un survol du viaduc de la Landwasser lorsque des trains circulent n\u2019est en principe pas autoris\u00e9. Par ailleurs, le parachutiste devait respecter une distance minimale de 40 m\u00e8tres, lat\u00e9ralement comme en hauteur, par rapport \u00e0 la ligne \u00e9lectrique.<\/p>\n<p>Les vols d\u2019essai comme le vol final ont \u00e9t\u00e9 \u00e9troitement coordonn\u00e9s avec les Chemins de fer rh\u00e9tiques. Plusieurs journ\u00e9es de tests ont \u00e9t\u00e9 n\u00e9cessaires, pour un total de vingt tentatives. Le vol principal a finalement eu lieu le 6 juillet.<\/p>\n<p>Combien de personnes ont particip\u00e9 au projet?<\/p>\n<p>Des collaborateurs du marketing, de la communication et de la s\u00e9curit\u00e9 des Chemins de fer rh\u00e9tiques ont particip\u00e9 aux pr\u00e9paratifs. Lors des vols d&rsquo;essai et lors du vol principal, une personne de la compagnie \u00e9tait \u00e0 chaque fois pr\u00e9sente afin d\u2019assurer la coordination avec la surveillance de l\u2019exploitation ferroviaire.<\/p>\n<p>Quel r\u00f4le ou quelles responsabilit\u00e9s les Chemins de fer rh\u00e9tiques ont-ils assum\u00e9s dans cette collaboration?<\/p>\n<p>Les Chemins de fer rh\u00e9tiques ont r\u00e9alis\u00e9 l&rsquo;analyse de s\u00e9curit\u00e9 pour l&rsquo;exploitation ferroviaire, planifi\u00e9 les vols et coordonn\u00e9 les tests ainsi que le vol principal, afin que le vol et le passage d&rsquo;un train aient pu avoir lieu simultan\u00e9ment. La circulation ferroviaire avait toutefois toujours la priorit\u00e9: aucune modification d&rsquo;exploitation n&rsquo;a \u00e9t\u00e9 effectu\u00e9e en raison des vols, qui s&rsquo;adaptaient \u00e0 la circulation des trains.<\/p>\n<p>N&rsquo;avez-vous pas craint que cela puisse inciter d&rsquo;autres parachutistes \u00e0 effectuer des actions similaires?<\/p>\n<p>La question des \u00e9ventuels imitateurs a fait l\u2019objet de discussions approfondies avant et pendant le projet. Le vol autour des piliers du viaduc, avec des virages de slalom extr\u00eamement serr\u00e9s, est tr\u00e8s exigeant et ne peut \u00eatre r\u00e9alis\u00e9 que par des parachutistes professionnels du niveau de Patrick von K\u00e4nel. Dans le milieu du parachutisme, la difficult\u00e9 d\u2019une telle performance est clairement identifiable.<\/p>\n<p>Selon l\u2019exp\u00e9rience de Red Bull, ce type de projet entra\u00eene par ailleurs tr\u00e8s peu de tentatives d\u2019imitation. Les athl\u00e8tes qui y participent sont des sportifs d\u2019\u00e9lite, reconnus \u00e0 l\u2019\u00e9chelle internationale pour leur expertise et leurs capacit\u00e9s hors normes.<\/p>\n<p> &gt;&gt; Voir aussi le sujet de Couleurs d&rsquo;\u00e9t\u00e9 \u00e0 bord des Chemins de fer rh\u00e9tiques\u00a0:   <img decoding=\"async\" class=\"embed-responsive-item\" loading=\"lazy\" src=\"https:\/\/www.europesays.com\/ch-fr\/wp-content\/uploads\/2026\/09\/cuz83q-29276877.image.jpeg\" alt=\"D\u00e9couverte des Grisons \u00e0 bord des chemins de fer rh\u00e9tiques\"\/>    D\u00e9couverte des Grisons \u00e0 bord des chemins de fer rh\u00e9tiques \/ Couleurs d&rsquo;\u00e9t\u00e9 \/ 3 min. \/ le 16 juin 2026 <\/p>\n<p class=\"sources\">Dominik Hardegger (RTR) \/ain<\/p>\n<p><script async src=\"\/\/www.instagram.com\/embed.js\"><\/script><\/p>\n","protected":false},"excerpt":{"rendered":"Le vol du parachutiste professionnel Patrick von K\u00e4nel autour des piliers du c\u00e9l\u00e8bre viaduc de la Landwasser, dans&hellip;\n","protected":false},"author":2,"featured_media":291717,"comment_status":"","ping_status":"","sticky":false,"template":"","format":"standard","meta":{"footnotes":"","_share_on_mastodon":"0"},"categories":[4],"tags":[22,2240,19164,63491,1323,63492,21,63493,13531,3303,226,2708,238,186,23,1662,779],"class_list":["post-291716","post","type-post","status-publish","format-standard","has-post-thumbnail","category-actualites","tag-actualites","tag-canton-des-grisons","tag-chemin-de-fer","tag-chemins-de-fer-rhetiques","tag-dialogue","tag-landwasser","tag-news","tag-parachutisme","tag-red-bull","tag-reseautage-social","tag-securite","tag-slalom","tag-societe","tag-sport","tag-suisse","tag-train","tag-transport"],"share_on_mastodon":{"url":"https:\/\/pubeurope.com\/@ch_fr\/117213443743237736","error":""},"_links":{"self":[{"href":"https:\/\/www.europesays.com\/ch-fr\/wp-json\/wp\/v2\/posts\/291716","targetHints":{"allow":["GET"]}}],"collection":[{"href":"https:\/\/www.europesays.com\/ch-fr\/wp-json\/wp\/v2\/posts"}],"about":[{"href":"https:\/\/www.europesays.com\/ch-fr\/wp-json\/wp\/v2\/types\/post"}],"author":[{"embeddable":true,"href":"https:\/\/www.europesays.com\/ch-fr\/wp-json\/wp\/v2\/users\/2"}],"replies":[{"embeddable":true,"href":"https:\/\/www.europesays.com\/ch-fr\/wp-json\/wp\/v2\/comments?post=291716"}],"version-history":[{"count":0,"href":"https:\/\/www.europesays.com\/ch-fr\/wp-json\/wp\/v2\/posts\/291716\/revisions"}],"wp:featuredmedia":[{"embeddable":true,"href":"https:\/\/www.europesays.com\/ch-fr\/wp-json\/wp\/v2\/media\/291717"}],"wp:attachment":[{"href":"https:\/\/www.europesays.com\/ch-fr\/wp-json\/wp\/v2\/media?parent=291716"}],"wp:term":[{"taxonomy":"category","embeddable":true,"href":"https:\/\/www.europesays.com\/ch-fr\/wp-json\/wp\/v2\/categories?post=291716"},{"taxonomy":"post_tag","embeddable":true,"href":"https:\/\/www.europesays.com\/ch-fr\/wp-json\/wp\/v2\/tags?post=291716"}],"curies":[{"name":"wp","href":"https:\/\/api.w.org\/{rel}","templated":true}]}}