{"id":291726,"date":"2026-09-04T15:26:13","date_gmt":"2026-09-04T15:26:13","guid":{"rendered":"https:\/\/www.europesays.com\/ch-fr\/291726\/"},"modified":"2026-09-04T15:26:13","modified_gmt":"2026-09-04T15:26:13","slug":"que-fait-cet-ancien-candidat-de-koh-lanta-en-direct-sur-tiktok-a-la-foire-aux-oignons-du-mans","status":"publish","type":"post","link":"https:\/\/www.europesays.com\/ch-fr\/291726\/","title":{"rendered":"Que fait cet ancien candidat de Koh Lanta en direct sur TikTok \u00e0 la Foire aux oignons du Mans\u00a0?"},"content":{"rendered":"<p>                    Par<\/p>\n<p>            <a href=\"https:\/\/actu.fr\/auteur\/aurelien-burban\" title=\"Consulter tous les articles de Aur\u00e9lien Burban\" rel=\"nofollow noopener\" target=\"_blank\">Aur\u00e9lien Burban<\/a><\/p>\n<p>        Publi\u00e9 le<\/p>\n<p>            4 sept. 2026 \u00e0 17h00        <\/p>\n<p>C\u2019est une id\u00e9e qui ne manque pas d\u2019attirer les curieux ! Lors de la Foire aux oignons, avenue de la Lib\u00e9ration au Mans (<a href=\"https:\/\/actu.fr\/pays-de-la-loire\/sarthe_72\" rel=\"nofollow noopener\" target=\"_blank\">Sarthe<\/a>), un tiktokeur est pr\u00e9sent, non loin du square Lafayette. Qui plus est, il a particip\u00e9 la c\u00e9l\u00e8bre \u00e9mission de t\u00e9l\u00e9vision <a href=\"https:\/\/actu.fr\/tag\/koh-lanta\" rel=\"nofollow noopener\" target=\"_blank\">Koh-Lanta<\/a> en 2023. Il s\u2019agit d\u2019Esteban Garcia-Mora, commer\u00e7ant de m\u00e9tier, qui propose une id\u00e9e novatrice en passant par les <a href=\"https:\/\/actu.fr\/tag\/reseaux-sociaux\" rel=\"nofollow noopener\" target=\"_blank\">r\u00e9seaux sociaux<\/a>.<\/p>\n<p>Il vient \u00e0 la Foire aux oignons du Mans presque tous les ans : il a l\u2019id\u00e9e de se lancer sur TikTok en pleine convalescence<\/p>\n<p class=\" wall-content\">Cette foire du <a href=\"https:\/\/actu.fr\/le-mans\/\" rel=\"nofollow noopener\" target=\"_blank\">Mans<\/a>, \u00e7a le conna\u00eet, puisque cet homme de 45 ans est venu \u00e0 plusieurs reprises depuis sept ans. Originaire de <a href=\"https:\/\/actu.fr\/chartres\/\" rel=\"nofollow noopener\" target=\"_blank\">Chartres<\/a>, \u00ab\u00a0l\u2019infatigable coupeur de bois\u00a0\u00bb (surnom donn\u00e9 par Denis Brogniart lors de la 24e saison de Koh Lanta) exerce dans le <a href=\"https:\/\/actu.fr\/tag\/commerce\" rel=\"nofollow noopener\" target=\"_blank\">commerce<\/a> depuis plus de 25 ans, notamment en tant que d\u00e9monstrateur dans les foires et les march\u00e9s.<\/p>\n<p><a target=\"_blank\" title=\"@esteban.officiel.tv\" href=\"https:\/\/www.tiktok.com\/@esteban.officiel.tv?refer=embed\" rel=\"nofollow noopener\">@esteban.officiel.tv<\/a> <\/p>\n<p>Mais j\u2019adore cette ambiance sur les foires, je kiffe. Merci de votre confiance\u2026Bonnes vacances \u00e0 tous\u2600\ufe0f <a title=\"tiktoklive\" target=\"_blank\" href=\"https:\/\/www.tiktok.com\/tag\/tiktoklive?refer=embed\" rel=\"nofollow noopener\">#tiktoklive<\/a> <a title=\"livehighlights\" target=\"_blank\" href=\"https:\/\/www.tiktok.com\/tag\/livehighlights?refer=embed\" rel=\"nofollow noopener\">#livehighlights<\/a> <a title=\"demonstration\" target=\"_blank\" href=\"https:\/\/www.tiktok.com\/tag\/demonstration?refer=embed\" rel=\"nofollow noopener\">#demonstration<\/a> <a title=\"plaisir\" target=\"_blank\" href=\"https:\/\/www.tiktok.com\/tag\/plaisir?refer=embed\" rel=\"nofollow noopener\">#plaisir<\/a> <\/p>\n<p> <a target=\"_blank\" title=\"\u266c son original - ESTEBAN L&#039;AVENTURIER\" href=\"https:\/\/www.tiktok.com\/music\/son-original-7671176626347985696?refer=embed\" rel=\"nofollow noopener\">\u266c son original \u2013 ESTEBAN L\u2019AVENTURIER<\/a> <\/p>\n<p class=\" wall-content\">Pourtant pas dans la mouvance des r\u00e9seaux sociaux \u00e0 la base, un \u00e9v\u00e9nement le pousse \u00e0 s\u2019y mettre. \u00ab\u00a0Il y a quelques mois, je me suis fait une rupture du tendon d\u2019Achille pendant une partie de basket face \u00e0 mon fils, lorsque j\u2019ai tent\u00e9 un dunk. Ne pouvant pas travailler, je me suis donc plong\u00e9 dans les r\u00e9seaux sociaux, n\u2019ayant que \u00e7a \u00e0 faire pendant ma convalescence.\u00a0\u00bb<\/p>\n<p><a target=\"_blank\" title=\"@actulemans\" href=\"https:\/\/www.tiktok.com\/@actulemans?refer=embed\" rel=\"nofollow noopener\">@actulemans<\/a> <\/p>\n<p>Lors de la Foire aux oignons au Mans, en Sarthe, il \u00e9tait possible d\u2019apercevoir une personne en direct sur TikTok. @ESTEBAN L\u2019AVENTURIER, ancien candidat de @KohLantaTF1 et commer\u00e7ant de m\u00e9tier. <a title=\"kohlanta\" target=\"_blank\" href=\"https:\/\/www.tiktok.com\/tag\/kohlanta?refer=embed\" rel=\"nofollow noopener\">#kohlanta<\/a> <a title=\"foire\" target=\"_blank\" href=\"https:\/\/www.tiktok.com\/tag\/foire?refer=embed\" rel=\"nofollow noopener\">#foire<\/a> <a title=\"marche\" target=\"_blank\" href=\"https:\/\/www.tiktok.com\/tag\/marche?refer=embed\" rel=\"nofollow noopener\">#marche<\/a> <\/p>\n<p> <a target=\"_blank\" title=\"\u266c son original - Actu Le Mans\" href=\"https:\/\/www.tiktok.com\/music\/son-original-7681684550359223073?refer=embed\" rel=\"nofollow noopener\">\u266c son original \u2013 Actu Le Mans<\/a> <\/p>\n<p class=\" wall-content\">Il scrolle sur son \u00e9cran de t\u00e9l\u00e9phone en utilisant l\u2019application <a href=\"https:\/\/actu.fr\/tag\/tiktok\" rel=\"nofollow noopener\" target=\"_blank\">TikTok<\/a>. D\u00e9couvrant la partie shop, il trouve une id\u00e9e : faire des lives pendant qu\u2019il se rend dans les diff\u00e9rentes foires et march\u00e9s.<\/p>\n<p>On peut acheter ses produits sur place ou en ligne<\/p>\n<p class=\" wall-content\">Que ce soit sur place ou sur son TikTok shop (boutique en ligne), il propose de multiples produits m\u00e9nagers, entre autres. Il est donc possible d\u2019en acheter en ligne ou directement en se rendant sur son stand.<\/p>\n<p>TikTok, c\u2019est un centre-ville anim\u00e9 \u00e0 n\u2019importe quel moment. \u00c0 2 h du matin, il y a encore du monde qui vous suit.<\/p>\n<p>Esteban<\/p>\n<p class=\" wall-content\">Pour l\u2019ancien candidat aux portes de la finale de Koh-Lanta, l\u2019utilisation des r\u00e9seaux sociaux devient essentielle. \u00ab\u00a0C\u2019est dans l\u2019\u00e8re du temps. \u00c7a devient indispensable pour les commer\u00e7ants.\u00a0\u00bb<\/p>\n<p class=\" wall-content\">Et sa notori\u00e9t\u00e9 ne vient pas forc\u00e9ment de sa participation \u00e0 l\u2019\u00e9mission sur TF1. \u00ab\u00a0Ma communaut\u00e9 est bienveillante. Et je rencontre certains membres lors de foires. Par exemple, \u00e0 <a href=\"https:\/\/actu.fr\/normandie\/dieppe_76217\" rel=\"nofollow noopener\" target=\"_blank\">Dieppe<\/a>, des clients sont venus me voir.\u00a0\u00bb<\/p>\n<p class=\" wall-content\">Personnalisez votre actualit\u00e9 en ajoutant vos villes et m\u00e9dias en favori avec <a href=\"https:\/\/moncompte.actu.fr\" title=\"D\u00e9couvez Mon Actu\" rel=\"nofollow noopener\" data-trk=\"{&quot;cta&quot;:{&quot;action&quot;:&quot;https:\\\/\\\/moncompte.actu.fr&quot;,&quot;category&quot;:&quot;mon compte&quot;,&quot;from&quot;:&quot;article footer&quot;,&quot;name&quot;:&quot;Mon actu&quot;,&quot;type&quot;:&quot;cta&quot;}}\" target=\"_blank\">Mon Actu<\/a>.<\/p>\n<p>                    <script async src=\"\/\/www.tiktok.com\/embed.js\"><\/script><\/p>\n","protected":false},"excerpt":{"rendered":"Par Aur\u00e9lien Burban Publi\u00e9 le 4 sept. 2026 \u00e0 17h00 C\u2019est une id\u00e9e qui ne manque pas d\u2019attirer&hellip;\n","protected":false},"author":2,"featured_media":291727,"comment_status":"","ping_status":"","sticky":false,"template":"","format":"standard","meta":{"footnotes":"","_share_on_mastodon":"0"},"categories":[13],"tags":[113,112,1961,6147,238,23,142,1448],"class_list":["post-291726","post","type-post","status-publish","format-standard","has-post-thumbnail","category-television","tag-divertissement","tag-entertainment","tag-koh-lanta","tag-marche","tag-societe","tag-suisse","tag-television","tag-tiktok"],"share_on_mastodon":{"url":"https:\/\/pubeurope.com\/@ch_fr\/117213474817749974","error":""},"_links":{"self":[{"href":"https:\/\/www.europesays.com\/ch-fr\/wp-json\/wp\/v2\/posts\/291726","targetHints":{"allow":["GET"]}}],"collection":[{"href":"https:\/\/www.europesays.com\/ch-fr\/wp-json\/wp\/v2\/posts"}],"about":[{"href":"https:\/\/www.europesays.com\/ch-fr\/wp-json\/wp\/v2\/types\/post"}],"author":[{"embeddable":true,"href":"https:\/\/www.europesays.com\/ch-fr\/wp-json\/wp\/v2\/users\/2"}],"replies":[{"embeddable":true,"href":"https:\/\/www.europesays.com\/ch-fr\/wp-json\/wp\/v2\/comments?post=291726"}],"version-history":[{"count":0,"href":"https:\/\/www.europesays.com\/ch-fr\/wp-json\/wp\/v2\/posts\/291726\/revisions"}],"wp:featuredmedia":[{"embeddable":true,"href":"https:\/\/www.europesays.com\/ch-fr\/wp-json\/wp\/v2\/media\/291727"}],"wp:attachment":[{"href":"https:\/\/www.europesays.com\/ch-fr\/wp-json\/wp\/v2\/media?parent=291726"}],"wp:term":[{"taxonomy":"category","embeddable":true,"href":"https:\/\/www.europesays.com\/ch-fr\/wp-json\/wp\/v2\/categories?post=291726"},{"taxonomy":"post_tag","embeddable":true,"href":"https:\/\/www.europesays.com\/ch-fr\/wp-json\/wp\/v2\/tags?post=291726"}],"curies":[{"name":"wp","href":"https:\/\/api.w.org\/{rel}","templated":true}]}}