{"id":291790,"date":"2026-09-04T16:08:12","date_gmt":"2026-09-04T16:08:12","guid":{"rendered":"https:\/\/www.europesays.com\/ch-fr\/291790\/"},"modified":"2026-09-04T16:08:12","modified_gmt":"2026-09-04T16:08:12","slug":"vincent-sierro-rejoint-parme-et-retrouve-la-serie-a","status":"publish","type":"post","link":"https:\/\/www.europesays.com\/ch-fr\/291790\/","title":{"rendered":"Vincent Sierro rejoint Parme et retrouve la Serie A"},"content":{"rendered":"<p>Un an apr\u00e8s son d\u00e9part pour l&rsquo;Arabie saoudite, Vincent Sierro va retrouver le football europ\u00e9en. Le milieu valaisan a sign\u00e9 un contrat avec Parme jusqu&rsquo;\u00e0 la fin de la saison, a annonc\u00e9 le club de Serie A.<\/p>\n<p>Cette signature, qui survient quelques jours apr\u00e8s l&rsquo;annonce de la fin de son contrat \u00e0 l&rsquo;amiable avec Al-Shabab, est sans doute motiv\u00e9e par l&rsquo;id\u00e9e de retrouver l&rsquo;\u00e9quipe de Suisse. Depuis son transfert en Saudi Pro League, le joueur de 30 ans a progressivement perdu sa place dans la s\u00e9lection de Murat Yakin et n&rsquo;a pas \u00e9t\u00e9 s\u00e9lectionn\u00e9 pour la Coupe du monde cet \u00e9t\u00e9.<\/p>\n<p>Form\u00e9 au FC Sion, Vincent Sierro s&rsquo;est r\u00e9v\u00e9l\u00e9 \u00e0 Young Boys (2019-2023) avant de briller \u00e0 Toulouse (2023-2025), o\u00f9 il \u00e9tait devenu capitaine. La saison derni\u00e8re, l&rsquo;international suisse (15 s\u00e9lections, 1 but) a jou\u00e9 26 matches dans le championnat saoudien, terminant 13e (sur 18 \u00e9quipes) avec son club.<\/p>\n<p>Le Lucernois Sascha Britschgi joue \u00e0 Parme<\/p>\n<p>Il va d\u00e9sormais d\u00e9couvrir la Serie A avec Parme, o\u00f9 il rejoint un autre Suisse, le jeune lat\u00e9ral lucernois Sascha Britschgi (19 ans). Le club d&rsquo;Emilie-Romagne reste sur une 13e place en championnat la saison derni\u00e8re.<\/p>\n<p class=\"sources\">ats\/pza<\/p>\n","protected":false},"excerpt":{"rendered":"Un an apr\u00e8s son d\u00e9part pour l&rsquo;Arabie saoudite, Vincent Sierro va retrouver le football europ\u00e9en. Le milieu valaisan&hellip;\n","protected":false},"author":2,"featured_media":291791,"comment_status":"","ping_status":"","sticky":false,"template":"","format":"standard","meta":{"footnotes":"","_share_on_mastodon":"0"},"categories":[8],"tags":[1596,24854,996,7220,182,21672,186,75,23,14528,63494],"class_list":["post-291790","post","type-post","status-publish","format-standard","has-post-thumbnail","category-sports","tag-arabie-saoudite","tag-championnat-ditalie-de-football","tag-club","tag-contrat","tag-football","tag-parme","tag-sport","tag-sports","tag-suisse","tag-transfert-sport","tag-vincent-sierro"],"share_on_mastodon":{"url":"https:\/\/pubeurope.com\/@ch_fr\/117213639974840914","error":""},"_links":{"self":[{"href":"https:\/\/www.europesays.com\/ch-fr\/wp-json\/wp\/v2\/posts\/291790","targetHints":{"allow":["GET"]}}],"collection":[{"href":"https:\/\/www.europesays.com\/ch-fr\/wp-json\/wp\/v2\/posts"}],"about":[{"href":"https:\/\/www.europesays.com\/ch-fr\/wp-json\/wp\/v2\/types\/post"}],"author":[{"embeddable":true,"href":"https:\/\/www.europesays.com\/ch-fr\/wp-json\/wp\/v2\/users\/2"}],"replies":[{"embeddable":true,"href":"https:\/\/www.europesays.com\/ch-fr\/wp-json\/wp\/v2\/comments?post=291790"}],"version-history":[{"count":0,"href":"https:\/\/www.europesays.com\/ch-fr\/wp-json\/wp\/v2\/posts\/291790\/revisions"}],"wp:featuredmedia":[{"embeddable":true,"href":"https:\/\/www.europesays.com\/ch-fr\/wp-json\/wp\/v2\/media\/291791"}],"wp:attachment":[{"href":"https:\/\/www.europesays.com\/ch-fr\/wp-json\/wp\/v2\/media?parent=291790"}],"wp:term":[{"taxonomy":"category","embeddable":true,"href":"https:\/\/www.europesays.com\/ch-fr\/wp-json\/wp\/v2\/categories?post=291790"},{"taxonomy":"post_tag","embeddable":true,"href":"https:\/\/www.europesays.com\/ch-fr\/wp-json\/wp\/v2\/tags?post=291790"}],"curies":[{"name":"wp","href":"https:\/\/api.w.org\/{rel}","templated":true}]}}