{"id":291806,"date":"2026-09-04T16:17:16","date_gmt":"2026-09-04T16:17:16","guid":{"rendered":"https:\/\/www.europesays.com\/ch-fr\/291806\/"},"modified":"2026-09-04T16:17:16","modified_gmt":"2026-09-04T16:17:16","slug":"geneve-valorise-son-patrimoine-par-une-esplanade-reamenagee","status":"publish","type":"post","link":"https:\/\/www.europesays.com\/ch-fr\/291806\/","title":{"rendered":"Gen\u00e8ve valorise son patrimoine par une esplanade r\u00e9am\u00e9nag\u00e9e"},"content":{"rendered":"<p>\n                Teaserbild-Quelle: Nicole Zermatten, Ville de Gen\u00e8ve\n            <\/p>\n<p>Le<br \/>\nbastion Saint-Antoine rappelle d\u00e9sormais l\u2019histoire de la Cit\u00e9 de Calvin, riche<br \/>\nde vestiges remontant jusqu\u2019\u00e0 la p\u00e9riode romaine. L\u2019esplanade a \u00e9t\u00e9 totalement transform\u00e9e<br \/>\npour mettre en valeur les d\u00e9couvertes des arch\u00e9ologues. La Ville en a pris officiellement<br \/>\npossession.<\/p>\n<p>        <img decoding=\"async\" src=\"https:\/\/www.europesays.com\/ch-fr\/wp-content\/uploads\/2026\/09\/31801_1.jpg\" alt=\"Saint-Antoine 1\" class=\"img-responsive\"\/><\/p>\n<p class=\"font-size-14 mt-2 mb-0\">Cr\u00e9dit image: Ville de Gen\u00e8ve, Nicole Zermatten<\/p>\n<p class=\"font-size-14 mb-4\">L\u2019esplanade se veut ouverte, m\u00eame si elle rec\u00e8le les richesses historiques de la Ville.<\/p>\n<p>Les<br \/>\ntravaux de terrassement du site du bastion genevois de Saint-Antoine ont r\u00e9v\u00e9l\u00e9<br \/>\nd\u2019inestimables vestiges arch\u00e9ologiques. Apr\u00e8s trois ans de chantier, la Cit\u00e9 de<br \/>\nCalvin entre en possession de cet espace v\u00e9g\u00e9talis\u00e9 et r\u00e9am\u00e9nag\u00e9 pour accueillir<br \/>\nla population. Cette esplanade reste cependant ancr\u00e9e dans l\u2019histoire de la<br \/>\nville, puisque les d\u00e9couvertes faites sur place remontent \u00e0 l\u2019Antiquit\u00e9.<\/p>\n<p>        <img decoding=\"async\" src=\"https:\/\/www.europesays.com\/ch-fr\/wp-content\/uploads\/2026\/09\/31803_1.jpg\" alt=\"Saint-Antoine 3\" class=\"img-responsive\"\/><\/p>\n<p class=\"font-size-14 mt-2 mb-0\">Cr\u00e9dit image: Nicole Zermatten, ville de Gen\u00e8ve<\/p>\n<p class=\"font-size-14 mb-4\">Le site est recouvert par une dalle d\u2019un seul tenant, avec trois ouvertures pour l\u2019\u00e9clairer.<\/p>\n<p>Le r\u00e9am\u00e9nagement<br \/>\nest parti d\u2019un concours d\u2019architecture organis\u00e9 il y a dix ans. Les laur\u00e9ats, \u00e0<br \/>\nsavoir l\u2019Atelier Traces Architecture, Estar Arquitectos et K\u00e4lin &amp; Associ\u00e9s<br \/>\nSA, ont donc \u00e9t\u00e9 charg\u00e9s de valoriser les vestiges d\u00e9couverts sur place et<br \/>\nconstruire par-dessus. Une op\u00e9ration toujours d\u00e9licate, men\u00e9e de main de<br \/>\nma\u00eetre, et qui trouve son aboutissement aujourd\u2019hui.<\/p>\n<p>Une dalle<br \/>\net trois landerneaux<br \/>Le but du projet visait \u00e0 rendre l\u2019espace du bastion son statut public, ouvert<br \/>\net directement accessible. Les travaux ont au d\u00e9but assur\u00e9 une protection minutieuse<br \/>\ndes vestiges d\u00e9couverts par le terrassement. Ensuite, une dalle de grande<br \/>\nport\u00e9e a \u00e9t\u00e9 r\u00e9alis\u00e9e pour mettre le site sous toit. Trois landerneaux sont enfin<br \/>\npositionn\u00e9s de mani\u00e8re \u00e0 apporter une lumi\u00e8re naturelle indirecte et homog\u00e8ne<br \/>\naux d\u00e9couvertes arch\u00e9ologiques. <\/p>\n<p>Un<br \/>\nespace arbor\u00e9<br \/>La derni\u00e8re \u00e9tape a constitu\u00e9 \u00e0 r\u00e9fl\u00e9chir les espaces ext\u00e9rieurs de l\u2019esplanade.<br \/>\n26 arbres ont \u00e9t\u00e9 plant\u00e9s \u00e0 cet effet. Des bancs et des lampadaires, ainsi qu\u2019un<br \/>\nabri pour les v\u00e9los, compl\u00e8tent les am\u00e9nagements. Le site doit encore trouver sa<br \/>\nfontaine, actuellement en voie de restauration. <\/p>\n<p>Le<br \/>\nbastion Saint-Antoine se veut \u00eatre un lieu de transition et de diffusion des savoirs,<br \/>\nentre arch\u00e9ologues, scientifiques, chercheuses et chercheurs. C\u2019est aussi un<br \/>\nespace de dialogue entre diff\u00e9rentes disciplines. Y compris artistiques. <\/p>\n","protected":false},"excerpt":{"rendered":"Teaserbild-Quelle: Nicole Zermatten, Ville de Gen\u00e8ve Le bastion Saint-Antoine rappelle d\u00e9sormais l\u2019histoire de la Cit\u00e9 de Calvin, riche&hellip;\n","protected":false},"author":2,"featured_media":291807,"comment_status":"","ping_status":"","sticky":false,"template":"","format":"standard","meta":{"footnotes":"","_share_on_mastodon":"0"},"categories":[17],"tags":[414,2224,172,355,1163,170,169,303,15544,1165,4935,1162,23],"class_list":["post-291806","post","type-post","status-publish","format-standard","has-post-thumbnail","category-geneve","tag-arts","tag-constructions-nouvelles","tag-culture","tag-environnement","tag-gef_news","tag-geneva","tag-geneve","tag-histoire","tag-materiaux-de-construction","tag-patrimoine","tag-paysagisme","tag-rub_projets","tag-suisse"],"share_on_mastodon":{"url":"https:\/\/pubeurope.com\/@ch_fr\/117213675815863119","error":""},"_links":{"self":[{"href":"https:\/\/www.europesays.com\/ch-fr\/wp-json\/wp\/v2\/posts\/291806","targetHints":{"allow":["GET"]}}],"collection":[{"href":"https:\/\/www.europesays.com\/ch-fr\/wp-json\/wp\/v2\/posts"}],"about":[{"href":"https:\/\/www.europesays.com\/ch-fr\/wp-json\/wp\/v2\/types\/post"}],"author":[{"embeddable":true,"href":"https:\/\/www.europesays.com\/ch-fr\/wp-json\/wp\/v2\/users\/2"}],"replies":[{"embeddable":true,"href":"https:\/\/www.europesays.com\/ch-fr\/wp-json\/wp\/v2\/comments?post=291806"}],"version-history":[{"count":0,"href":"https:\/\/www.europesays.com\/ch-fr\/wp-json\/wp\/v2\/posts\/291806\/revisions"}],"wp:featuredmedia":[{"embeddable":true,"href":"https:\/\/www.europesays.com\/ch-fr\/wp-json\/wp\/v2\/media\/291807"}],"wp:attachment":[{"href":"https:\/\/www.europesays.com\/ch-fr\/wp-json\/wp\/v2\/media?parent=291806"}],"wp:term":[{"taxonomy":"category","embeddable":true,"href":"https:\/\/www.europesays.com\/ch-fr\/wp-json\/wp\/v2\/categories?post=291806"},{"taxonomy":"post_tag","embeddable":true,"href":"https:\/\/www.europesays.com\/ch-fr\/wp-json\/wp\/v2\/tags?post=291806"}],"curies":[{"name":"wp","href":"https:\/\/api.w.org\/{rel}","templated":true}]}}