{"id":291820,"date":"2026-09-04T16:26:11","date_gmt":"2026-09-04T16:26:11","guid":{"rendered":"https:\/\/www.europesays.com\/ch-fr\/291820\/"},"modified":"2026-09-04T16:26:11","modified_gmt":"2026-09-04T16:26:11","slug":"vuelta-2026-wout-van-aert-remporte-la-13e-etape","status":"publish","type":"post","link":"https:\/\/www.europesays.com\/ch-fr\/291820\/","title":{"rendered":"Vuelta 2026 : Wout van Aert remporte la 13e \u00e9tape"},"content":{"rendered":"<p>Le Belge Wout van Aert a remport\u00e9 sous une chaleur \u00e9crasante la 13e \u00e9tape du Tour d&rsquo;Espagne \u00e0 Loja, en Andalousie. L&rsquo;Espagnol Enric Mas a conserv\u00e9 le maillot rouge de leader.<\/p>\n<p>Le coureur de la formation Visma-Lease a Bike, qui faisait partie d&rsquo;un groupe de neuf attaquants, s&rsquo;est impos\u00e9 au sprint devant le Fran\u00e7ais Valentin Paret-Peintre, avec qui le maillot vert de l&rsquo;\u00e9preuve s&rsquo;\u00e9tait isol\u00e9 en t\u00eate \u00e0 4 kilom\u00e8tres de la ligne.<\/p>\n<p>Avec cette victoire, Van Aert d\u00e9croche son 4e bouquet sur la Vuelta apr\u00e8s ses 3 succ\u00e8s lors de l&rsquo;\u00e9dition 2024 (3e, 7e et 10e \u00e9tapes). C&rsquo;est sa 8e victoire de la saison, qui aura \u00e9t\u00e9 marqu\u00e9e par son sacre sur Paris-Roubaix en avril devant Tadej Pogacar.<\/p>\n<p>Samedi, la 14e \u00e9tape propose une nouvelle arriv\u00e9e en c\u00f4te (12 km \u00e0 7% de d\u00e9clivit\u00e9), au sommet de Sierra de la Pandera.<\/p>\n<p class=\"sources\">ats\/pza<\/p>\n","protected":false},"excerpt":{"rendered":"Le Belge Wout van Aert a remport\u00e9 sous une chaleur \u00e9crasante la 13e \u00e9tape du Tour d&rsquo;Espagne \u00e0&hellip;\n","protected":false},"author":2,"featured_media":291821,"comment_status":"","ping_status":"","sticky":false,"template":"","format":"standard","meta":{"footnotes":"","_share_on_mastodon":"0"},"categories":[8],"tags":[63497,5944,1297,13898,1105,13622,35550,1107,63498,58786,466,15642,186,75,23,15643,58788,31396,2085,15644,57529,18702],"class_list":["post-291820","post","type-post","status-publish","format-standard","has-post-thumbnail","category-sports","tag-13e-etape","tag-andalousie","tag-belgique","tag-chaleur","tag-cyclisme","tag-cyclisme-sur-route","tag-enric-mas","tag-etape","tag-loja","tag-matthew-brennan","tag-rts-sport","tag-soudal-quick-step","tag-sport","tag-sports","tag-suisse","tag-team-visma-lease-a-bike","tag-team-visma-lease-a-bike-development","tag-tour-despagne","tag-tout-le-sport","tag-valentin-paret-peintre","tag-world-tour-vuelta","tag-wout-van-aert"],"share_on_mastodon":{"url":"https:\/\/pubeurope.com\/@ch_fr\/117213710782336706","error":""},"_links":{"self":[{"href":"https:\/\/www.europesays.com\/ch-fr\/wp-json\/wp\/v2\/posts\/291820","targetHints":{"allow":["GET"]}}],"collection":[{"href":"https:\/\/www.europesays.com\/ch-fr\/wp-json\/wp\/v2\/posts"}],"about":[{"href":"https:\/\/www.europesays.com\/ch-fr\/wp-json\/wp\/v2\/types\/post"}],"author":[{"embeddable":true,"href":"https:\/\/www.europesays.com\/ch-fr\/wp-json\/wp\/v2\/users\/2"}],"replies":[{"embeddable":true,"href":"https:\/\/www.europesays.com\/ch-fr\/wp-json\/wp\/v2\/comments?post=291820"}],"version-history":[{"count":0,"href":"https:\/\/www.europesays.com\/ch-fr\/wp-json\/wp\/v2\/posts\/291820\/revisions"}],"wp:featuredmedia":[{"embeddable":true,"href":"https:\/\/www.europesays.com\/ch-fr\/wp-json\/wp\/v2\/media\/291821"}],"wp:attachment":[{"href":"https:\/\/www.europesays.com\/ch-fr\/wp-json\/wp\/v2\/media?parent=291820"}],"wp:term":[{"taxonomy":"category","embeddable":true,"href":"https:\/\/www.europesays.com\/ch-fr\/wp-json\/wp\/v2\/categories?post=291820"},{"taxonomy":"post_tag","embeddable":true,"href":"https:\/\/www.europesays.com\/ch-fr\/wp-json\/wp\/v2\/tags?post=291820"}],"curies":[{"name":"wp","href":"https:\/\/api.w.org\/{rel}","templated":true}]}}