{"id":291824,"date":"2026-09-04T16:28:10","date_gmt":"2026-09-04T16:28:10","guid":{"rendered":"https:\/\/www.europesays.com\/ch-fr\/291824\/"},"modified":"2026-09-04T16:28:10","modified_gmt":"2026-09-04T16:28:10","slug":"energie-solaire-le-prix-de-rachat-sera-dynamique-des-2027","status":"publish","type":"post","link":"https:\/\/www.europesays.com\/ch-fr\/291824\/","title":{"rendered":"\u00c9nergie solaire : le prix de rachat sera dynamique d\u00e8s 2027"},"content":{"rendered":"<p>A partir du 1er janvier 2027, le prix de rachat de l\u2019\u00e9lectricit\u00e9 variera toutes les quinze minutes selon les prix du march\u00e9. Avec le risque de devoir payer pour injecter son \u00e9lectricit\u00e9 en trop lorsque le r\u00e9seau sature. Les petits producteurs, dont certains se sentent flou\u00e9s, sont incit\u00e9s \u00e0 l\u2019autoconsommation.<\/p>\n<p>En 2027, les distributeurs d\u2019\u00e9lectricit\u00e9 ne rach\u00e8teront plus le courant sur une moyenne trimestrielle. Le d\u00e9compte, qui aura toujours lieu 4 fois par an, tiendra compte pr\u00e9cis\u00e9ment du moment o\u00f9 l\u2019\u00e9lectricit\u00e9 est vendue, chaque 15 minutes.<\/p>\n<p>Par exemple, lors d\u2019une journ\u00e9e ensoleill\u00e9e en ao\u00fbt, la valeur de l\u2019\u00e9lectricit\u00e9 aura tendance \u00e0 baisser durant la journ\u00e9e, lorsque le soleil et donc les kilowattheures abondent. En revanche, t\u00f4t le matin et en fin de journ\u00e9e, le kilowattheure se fera plus rare et donc plus cher.<\/p>\n<p>Cependant, \u00e0 certaines heures comme midi, les cuisini\u00e8res, les friteuses et les micro-ondes fonctionnent davantage qu\u2019\u00e0 14h00. Le kilowattheure aura donc plus de valeur. \u00c0 l\u2019inverse, il est envisageable que lorsque le r\u00e9seau sature, les prix deviennent n\u00e9gatifs. Il faudra donc payer pour injecter son \u00e9lectricit\u00e9 en trop sur le march\u00e9.<\/p>\n<p class=\"q-text\">Nous avons install\u00e9 30 panneaux solaires sur notre toit en 2020, avec des promesses de rentabilit\u00e9 dans les 15 \u00e0 20 ans. [&#8230;] J&rsquo;ai l&rsquo;impression de passer un peu pour un pigeon par rapport \u00e0 ces nouveaux prix de l&rsquo;\u00e9lectricit\u00e9.<\/p>\n<p>  St\u00e9phane, auditeur d&rsquo;On en parle Une incitation \u00e0 l\u2019autoconsommation<\/p>\n<p>\u00ab\u00a0Nous comprenons que l&rsquo;\u00e9volution des prix de reprise puisse susciter des interrogations, en particulier chez les propri\u00e9taires d&rsquo;installations qui ont investi il y a plusieurs ann\u00e9es\u00a0\u00bb, r\u00e9pond Romande Energie, interrog\u00e9e par On en parle. L\u2019entreprise ajoute que \u00ab\u00a0chaque kilowattheure autoconsomm\u00e9 est un kilowattheure qui n&rsquo;a pas besoin d&rsquo;\u00eatre achet\u00e9 au r\u00e9seau, ce qui constitue depuis toujours le principal levier de rentabilisation d&rsquo;une installation solaire.\u00a0\u00bb<\/p>\n<p>Toujours selon Romande Energie, les petits producteurs ne devraient pas sortir perdants. \u00ab\u00a0Les analyses que nous avons r\u00e9alis\u00e9es montrent d&rsquo;ailleurs que, pour un producteur en villa avec un profil standard sans batterie, le futur mod\u00e8le de r\u00e9mun\u00e9ration au quart d&rsquo;heure conduit en moyenne \u00e0 des niveaux de r\u00e9mun\u00e9ration qui restent ceux des valeurs historiques observ\u00e9es sur le long terme, soit de l&rsquo;ordre de 8 centimes le kilowattheure.\u00a0\u00bb<\/p>\n<p>R\u00e9compenser les comportements vertueux<\/p>\n<p>Selon l\u2019Association des entreprises \u00e9lectriques suisses, \u00ab\u00a0les\u202fnouvelles r\u00e8gles cr\u00e9ent des\u202fincitations suppl\u00e9mentaires \u00e0 consommer\u202fou \u00e0\u202fstocker l\u2019\u00e9lectricit\u00e9\u202florsque le prix du march\u00e9\u202fau quart d\u2019heure\u202fest\u202fn\u00e9gatif.\u202fSi les possibilit\u00e9s d\u2019autoconsommation sont d\u00e9j\u00e0 pleinement exploit\u00e9es, l&rsquo;exploitant\u202fpeut\u202fr\u00e9duire\u202fla production de son\u202finstallation\u202fou la mettre \u00e0 l\u2019arr\u00eat\u202fpendant ces quarts d\u2019heure.\u202fIl \u00e9vite ainsi les prix n\u00e9gatifs.\u00a0\u00bb<\/p>\n<p>Arr\u00eater d\u2019injecter son \u00e9lectricit\u00e9 quand les prix sont tr\u00e8s faibles voire n\u00e9gatifs, puis la vendre aux heures o\u00f9 elle est plus rare et ch\u00e8re, une mani\u00e8re de faire qui peut s\u2019av\u00e9rer b\u00e9n\u00e9fique pour les propri\u00e9taires joueurs. Il est possible d\u2019investir dans un syst\u00e8me de gestion ou \u2018Energy Manager\u2019 connect\u00e9 \u00e0 internet, \u00e0 environ 1000 francs, ou dans une batterie pour plusieurs milliers de francs.<\/p>\n<p>Avant de s\u2019\u00e9quiper, Diego Fischer, membre du comit\u00e9 de l\u2019Association des producteurs d&rsquo;\u00e9nergie ind\u00e9pendants (VeSe), conseille d\u2019attendre. \u00ab\u00a0Peut-\u00eatre que ces tarifs n\u00e9gatifs vont dispara\u00eetre tout seuls. Il suffit que quelques grands producteurs avec de tr\u00e8s grosses installations arr\u00eatent d\u2019injecter \u00e0 ces heures et cela va stabiliser le march\u00e9.\u00a0\u00bb<\/p>\n<p>Enfin, on peut aussi vendre son \u00e9lectricit\u00e9 \u00e0 son voisin, voire dans son quartier ou sa commune. Il existe \u00e9galement une assurance pour les petites installations, soit un syst\u00e8me de prime lorsque le kilowattheure moyen est en dessous de 6 centimes.<\/p>\n<p class=\"sources\">Mathieu Truffer et Bastien von Wyss, On en parle<\/p>\n<p class=\"credit\">Adaptation web: Myriam Semaani<\/p>\n","protected":false},"excerpt":{"rendered":"A partir du 1er janvier 2027, le prix de rachat de l\u2019\u00e9lectricit\u00e9 variera toutes les quinze minutes selon&hellip;\n","protected":false},"author":2,"featured_media":291825,"comment_status":"","ping_status":"","sticky":false,"template":"","format":"standard","meta":{"footnotes":"","_share_on_mastodon":"0"},"categories":[6],"tags":[45331,45,63499,44,344,43,1037,810,1235,355,1305,9138,1773,1902,2178,63500,1643,19251,1504,23],"class_list":["post-291824","post","type-post","status-publish","format-standard","has-post-thumbnail","category-economie","tag-association-des-entreprises-electriques-suisses","tag-business","tag-diego-fischer","tag-economie","tag-economie-et-finances","tag-economy","tag-electricite","tag-energie","tag-energie-et-ressources","tag-environnement","tag-gaz","tag-groupe-e","tag-macro-economie","tag-on-en-parle","tag-prix","tag-prix-q1601517","tag-risque","tag-romande-energie","tag-services-des-collectivites-eau","tag-suisse"],"share_on_mastodon":{"url":"https:\/\/pubeurope.com\/@ch_fr\/117213718256330107","error":""},"_links":{"self":[{"href":"https:\/\/www.europesays.com\/ch-fr\/wp-json\/wp\/v2\/posts\/291824","targetHints":{"allow":["GET"]}}],"collection":[{"href":"https:\/\/www.europesays.com\/ch-fr\/wp-json\/wp\/v2\/posts"}],"about":[{"href":"https:\/\/www.europesays.com\/ch-fr\/wp-json\/wp\/v2\/types\/post"}],"author":[{"embeddable":true,"href":"https:\/\/www.europesays.com\/ch-fr\/wp-json\/wp\/v2\/users\/2"}],"replies":[{"embeddable":true,"href":"https:\/\/www.europesays.com\/ch-fr\/wp-json\/wp\/v2\/comments?post=291824"}],"version-history":[{"count":0,"href":"https:\/\/www.europesays.com\/ch-fr\/wp-json\/wp\/v2\/posts\/291824\/revisions"}],"wp:featuredmedia":[{"embeddable":true,"href":"https:\/\/www.europesays.com\/ch-fr\/wp-json\/wp\/v2\/media\/291825"}],"wp:attachment":[{"href":"https:\/\/www.europesays.com\/ch-fr\/wp-json\/wp\/v2\/media?parent=291824"}],"wp:term":[{"taxonomy":"category","embeddable":true,"href":"https:\/\/www.europesays.com\/ch-fr\/wp-json\/wp\/v2\/categories?post=291824"},{"taxonomy":"post_tag","embeddable":true,"href":"https:\/\/www.europesays.com\/ch-fr\/wp-json\/wp\/v2\/tags?post=291824"}],"curies":[{"name":"wp","href":"https:\/\/api.w.org\/{rel}","templated":true}]}}