{"id":291830,"date":"2026-09-04T16:31:17","date_gmt":"2026-09-04T16:31:17","guid":{"rendered":"https:\/\/www.europesays.com\/ch-fr\/291830\/"},"modified":"2026-09-04T16:31:17","modified_gmt":"2026-09-04T16:31:17","slug":"tapisserie-de-bayeux-a-londres-deux-fils-rompus-constates","status":"publish","type":"post","link":"https:\/\/www.europesays.com\/ch-fr\/291830\/","title":{"rendered":"Tapisserie de Bayeux \u00e0 Londres : deux fils rompus constat\u00e9s"},"content":{"rendered":"<p>Une \u00ab\u00a0rupture de deux fils\u00a0\u00bb a \u00e9t\u00e9 constat\u00e9e sur la tapisserie de Bayeux apr\u00e8s son transfert \u00e0 Londres, sans toutefois que l&rsquo;\u00e9tat g\u00e9n\u00e9ral de cette broderie du XIe si\u00e8cle en soit alt\u00e9r\u00e9, a d\u00e9clar\u00e9 vendredi la ministre fran\u00e7aise de la Culture.<\/p>\n<p>Mi-juillet, la tapisserie a travers\u00e9 La Manche au cours d&rsquo;un trajet \u00e0 hauts risques pour le chef-d&rsquo;\u0153uvre de pr\u00e8s de 70 m de long. Elle a \u00e9t\u00e9 achemin\u00e9e au British Museum de Londres o\u00f9 elle doit \u00eatre expos\u00e9e au public \u00e0 partir du 10 septembre dans le cadre d&rsquo;un pr\u00eat historique d\u00e9cid\u00e9 par le pr\u00e9sident fran\u00e7ais Emmanuel Macron.<\/p>\n<p>Peu apr\u00e8s son arriv\u00e9e dans la capitale britannique, les premi\u00e8res constatations n&rsquo;avaient relev\u00e9 \u00ab\u00a0aucune alt\u00e9ration visible\u00a0\u00bb sur l&rsquo;\u0153uvre, avait alors indiqu\u00e9 \u00e0 l&rsquo;AFP le minist\u00e8re fran\u00e7ais de la Culture.<\/p>\n<p>R\u00e9alis\u00e9 par la suite par des experts fran\u00e7ais et britanniques, un constat d&rsquo;\u00e9tat plus complet a confirm\u00e9 \u00ab\u00a0l&rsquo;absence de d\u00e9gradation majeure\u00a0\u00bb tout en relevant de \u00ab\u00a0petites ruptures l\u00e9g\u00e8res sur deux zones\u00a0\u00bb, selon les premi\u00e8res conclusions r\u00e9v\u00e9l\u00e9es par le journal La Croix.<\/p>\n<p> <img decoding=\"async\" src=\"https:\/\/www.europesays.com\/ch-fr\/wp-content\/uploads\/2026\/09\/cc6b519c-29347778.image.jpeg\" alt=\"La tapisserie de Bayeux du XIe si\u00e8cle, retra\u00e7ant la conqu\u00eate normande de l'Angleterre, photographi\u00e9e le mercredi 18 septembre 2019. [Copyright 2019 The Associated Press. All rights reserved. - KAMIL ZIHNIOGLU]\" title=\"La tapisserie de Bayeux du XIe si\u00e8cle, retra\u00e7ant la conqu\u00eate normande de l'Angleterre, photographi\u00e9e le mercredi 18 septembre 2019. [Copyright 2019 The Associated Press. All rights reserved. - KAMIL ZIHNIOGLU]\" loading=\"lazy\"\/>  La tapisserie de Bayeux du XIe si\u00e8cle, retra\u00e7ant la conqu\u00eate normande de l&rsquo;Angleterre, photographi\u00e9e le mercredi 18 septembre 2019. [Copyright 2019 The Associated Press. All rights reserved. &#8211; KAMIL ZIHNIOGLU] Examen minutieux<\/p>\n<p>\u00ab\u00a0On a signal\u00e9 une rupture de deux fils sur 70 m de long d&rsquo;une tapisserie\u00a0\u00bb, a confirm\u00e9 Catherine P\u00e9gard sur la radio RTL. \u00ab\u00a0Alors c&rsquo;est vrai qu&rsquo;elle a \u00e9t\u00e9 examin\u00e9e avec une particuli\u00e8re attention, \u00e7a a pris beaucoup de temps puisque les experts l&rsquo;ont examin\u00e9e centim\u00e8tre par centim\u00e8tre\u00a0\u00bb.<\/p>\n<p>\u00ab\u00a0Donc je peux vous dire qu&rsquo;aujourd&rsquo;hui, si on dit qu&rsquo;elle est dans le m\u00eame \u00e9tat en arrivant \u00e0 Londres qu&rsquo;elle \u00e9tait avant de partir de Bayeux, je crois qu&rsquo;on ne se trompe pas beaucoup\u00a0\u00bb, a ajout\u00e9 la ministre.<\/p>\n<p>Le transfert historique depuis Bayeux, en Normandie (ouest), avait donn\u00e9 des sueurs froides \u00e0 des experts et d\u00e9fenseurs du patrimoine en France qui redoutaient une d\u00e9gradation irr\u00e9versible de cette \u0153uvre fragilis\u00e9e par les ann\u00e9es.<\/p>\n<p>Mercredi, Emmanuel Macron s&rsquo;est rendu \u00e0 Londres pour visiter en avant-premi\u00e8re et avec le roi Charles III l&rsquo;exposition de la tapisserie de Bayeux et c\u00e9l\u00e9brer les liens entre leurs deux pays.<\/p>\n<p>La tapisserie doit retourner en France en juillet 2027 pour regagner son mus\u00e9e de Bayeux o\u00f9 elle doit faire l&rsquo;objet d&rsquo;une restauration plusieurs fois repouss\u00e9e.<\/p>\n<p> &gt;&gt; Revoir le sujet du 19h30\u00a0:   <img decoding=\"async\" class=\"embed-responsive-item\" loading=\"lazy\" src=\"https:\/\/www.europesays.com\/ch-fr\/wp-content\/uploads\/2026\/09\/1788539477_655_860a2b46-29346942.image.jpeg\" alt=\"La tapisserie de Bayeux \u00e0 Londres, symbole des liens franco-britanniques\"\/>    La tapisserie de Bayeux \u00e0 Londres, symbole des liens franco-britanniques \/ 19h30 \/ 2 min. \/ hier \u00e0 19:30 <\/p>\n<p>&gt;&gt; Lire aussi\u00a0: <a href=\"https:\/\/www.rts.ch\/info\/monde\/2026\/article\/tapisserie-de-bayeux-macron-et-charles-iii-celebrent-le-pret-29346596.html\" data-item-id=\"richtext_link\" rel=\"nofollow noopener\" target=\"_blank\">Le pr\u00eat de la tapisserie de Bayeux, \u00ab\u00a0pr\u00e9cieux symbole de confiance\u00a0\u00bb franco-britannique<\/a><\/p>\n<p class=\"sources\">afp\/fgn<\/p>\n","protected":false},"excerpt":{"rendered":"Une \u00ab\u00a0rupture de deux fils\u00a0\u00bb a \u00e9t\u00e9 constat\u00e9e sur la tapisserie de Bayeux apr\u00e8s son transfert \u00e0 Londres,&hellip;\n","protected":false},"author":2,"featured_media":291831,"comment_status":"","ping_status":"","sticky":false,"template":"","format":"standard","meta":{"footnotes":"","_share_on_mastodon":"0"},"categories":[4],"tags":[22,4052,380,2420,18992,45900,172,2661,2481,360,2242,421,21,23,17517,48043],"class_list":["post-291830","post","type-post","status-publish","format-standard","has-post-thumbnail","category-actualites","tag-actualites","tag-angleterre","tag-arts-et-divertissement","tag-arts-visuels","tag-bayeux","tag-british-museum","tag-culture","tag-expert","tag-grande-bretagne","tag-londres","tag-ministre","tag-monde","tag-news","tag-suisse","tag-transfert-q31536488","tag-xie-siecle"],"share_on_mastodon":{"url":"https:\/\/pubeurope.com\/@ch_fr\/117213730402598879","error":""},"_links":{"self":[{"href":"https:\/\/www.europesays.com\/ch-fr\/wp-json\/wp\/v2\/posts\/291830","targetHints":{"allow":["GET"]}}],"collection":[{"href":"https:\/\/www.europesays.com\/ch-fr\/wp-json\/wp\/v2\/posts"}],"about":[{"href":"https:\/\/www.europesays.com\/ch-fr\/wp-json\/wp\/v2\/types\/post"}],"author":[{"embeddable":true,"href":"https:\/\/www.europesays.com\/ch-fr\/wp-json\/wp\/v2\/users\/2"}],"replies":[{"embeddable":true,"href":"https:\/\/www.europesays.com\/ch-fr\/wp-json\/wp\/v2\/comments?post=291830"}],"version-history":[{"count":0,"href":"https:\/\/www.europesays.com\/ch-fr\/wp-json\/wp\/v2\/posts\/291830\/revisions"}],"wp:featuredmedia":[{"embeddable":true,"href":"https:\/\/www.europesays.com\/ch-fr\/wp-json\/wp\/v2\/media\/291831"}],"wp:attachment":[{"href":"https:\/\/www.europesays.com\/ch-fr\/wp-json\/wp\/v2\/media?parent=291830"}],"wp:term":[{"taxonomy":"category","embeddable":true,"href":"https:\/\/www.europesays.com\/ch-fr\/wp-json\/wp\/v2\/categories?post=291830"},{"taxonomy":"post_tag","embeddable":true,"href":"https:\/\/www.europesays.com\/ch-fr\/wp-json\/wp\/v2\/tags?post=291830"}],"curies":[{"name":"wp","href":"https:\/\/api.w.org\/{rel}","templated":true}]}}