{"id":291856,"date":"2026-09-04T16:51:15","date_gmt":"2026-09-04T16:51:15","guid":{"rendered":"https:\/\/www.europesays.com\/ch-fr\/291856\/"},"modified":"2026-09-04T16:51:15","modified_gmt":"2026-09-04T16:51:15","slug":"un-enfant-legerement-blesse-par-un-automobiliste-a-courrendlin","status":"publish","type":"post","link":"https:\/\/www.europesays.com\/ch-fr\/291856\/","title":{"rendered":"Un enfant l\u00e9g\u00e8rement bless\u00e9 par un automobiliste \u00e0 Courrendlin"},"content":{"rendered":"<p>Un accident de la circulation a impliqu\u00e9 une voiture et un enfant vendredi \u00e0 Courrendlin. Les faits se sont produits \u00e0 l\u2019arri\u00e8re du Bar Le Chalet vers 13h10. En effectuant une marche arri\u00e8re pour quitter sa place de stationnement, un automobiliste a bouscul\u00e9 un jeune enfant qui se d\u00e9pla\u00e7ait correctement en trottinette sur la place, selon un communiqu\u00e9 de la police cantonale jurassienne. La victime a chut\u00e9 au sol et a \u00e9t\u00e9 l\u00e9g\u00e8rement bless\u00e9e, tandis que le conducteur a poursuivi sa route dans une direction inconnue. Les autorit\u00e9s lancent un appel \u00e0 t\u00e9moin. Cet automobiliste, ainsi que toutes personnes pouvant fournir des informations compl\u00e9mentaires, sont pri\u00e9s de contacter la police au 032 420 65 65. \/comm-emu<\/p>\n","protected":false},"excerpt":{"rendered":"Un accident de la circulation a impliqu\u00e9 une voiture et un enfant vendredi \u00e0 Courrendlin. Les faits se&hellip;\n","protected":false},"author":2,"featured_media":291857,"comment_status":"","ping_status":"","sticky":false,"template":"","format":"standard","meta":{"footnotes":"","_share_on_mastodon":"0"},"categories":[4],"tags":[22,121,124,128,119,122,123,118,136,132,131,133,130,21,135,120,126,117,125,114,115,116,23,129,127,134],"class_list":["post-291856","post","type-post","status-publish","format-standard","has-post-thumbnail","category-actualites","tag-actualites","tag-ajoie","tag-animation","tag-bienne","tag-delemont","tag-franches-montagnes","tag-frequence","tag-jura","tag-jura-bernois","tag-la-chaux-de-fonds","tag-moutier","tag-neuchatel","tag-neuveville","tag-news","tag-payerne","tag-porrentruy","tag-publicite","tag-radio","tag-redaction","tag-rfj","tag-rjb","tag-rtn","tag-suisse","tag-tavannes","tag-vallon-de-st-imier","tag-yverdon"],"share_on_mastodon":{"url":"https:\/\/pubeurope.com\/@ch_fr\/117213808859722074","error":""},"_links":{"self":[{"href":"https:\/\/www.europesays.com\/ch-fr\/wp-json\/wp\/v2\/posts\/291856","targetHints":{"allow":["GET"]}}],"collection":[{"href":"https:\/\/www.europesays.com\/ch-fr\/wp-json\/wp\/v2\/posts"}],"about":[{"href":"https:\/\/www.europesays.com\/ch-fr\/wp-json\/wp\/v2\/types\/post"}],"author":[{"embeddable":true,"href":"https:\/\/www.europesays.com\/ch-fr\/wp-json\/wp\/v2\/users\/2"}],"replies":[{"embeddable":true,"href":"https:\/\/www.europesays.com\/ch-fr\/wp-json\/wp\/v2\/comments?post=291856"}],"version-history":[{"count":0,"href":"https:\/\/www.europesays.com\/ch-fr\/wp-json\/wp\/v2\/posts\/291856\/revisions"}],"wp:featuredmedia":[{"embeddable":true,"href":"https:\/\/www.europesays.com\/ch-fr\/wp-json\/wp\/v2\/media\/291857"}],"wp:attachment":[{"href":"https:\/\/www.europesays.com\/ch-fr\/wp-json\/wp\/v2\/media?parent=291856"}],"wp:term":[{"taxonomy":"category","embeddable":true,"href":"https:\/\/www.europesays.com\/ch-fr\/wp-json\/wp\/v2\/categories?post=291856"},{"taxonomy":"post_tag","embeddable":true,"href":"https:\/\/www.europesays.com\/ch-fr\/wp-json\/wp\/v2\/tags?post=291856"}],"curies":[{"name":"wp","href":"https:\/\/api.w.org\/{rel}","templated":true}]}}