{"id":291876,"date":"2026-09-04T17:06:13","date_gmt":"2026-09-04T17:06:13","guid":{"rendered":"https:\/\/www.europesays.com\/ch-fr\/291876\/"},"modified":"2026-09-04T17:06:13","modified_gmt":"2026-09-04T17:06:13","slug":"laccord-avec-le-mercosur-soutenu-en-commission","status":"publish","type":"post","link":"https:\/\/www.europesays.com\/ch-fr\/291876\/","title":{"rendered":"L&rsquo;accord avec le Mercosur soutenu en commission"},"content":{"rendered":"<p class=\"wysiwyg-h2\">L&rsquo;accord avec le Mercosur est soutenu en commission des Etats, trois mois apr\u00e8s que le National l&rsquo;a rejet\u00e9 de justesse. La commission propose un compromis sur les mesures pour compenser le manque \u00e0 gagner dans l&rsquo;agriculture.<\/p>\n<p>La commission de politique ext\u00e9rieure du Conseil des Etats a approuv\u00e9 l&rsquo;accord par 11 voix contre 2 lors du vote sur l&rsquo;ensemble, indique-t-elle vendredi dans un communiqu\u00e9.<\/p>\n<p>Elle demande par contre de mettre plus de moyens en faveur de l&rsquo;agriculture. Elle exige 517 millions de francs de plus pour le secteur entre 2028 et 2033.<\/p>\n<p>L&rsquo;enveloppe \u00e0 octroyer \u00e0 l&rsquo;agriculture a \u00e9t\u00e9 le point de bascule lors des d\u00e9bats en juin au National. La branche exigeait 880 millions entre 2028 et 2035. Leur proposition avait finalement \u00e9t\u00e9 refus\u00e9e. L&rsquo;accord avait ensuite \u00e9t\u00e9 rejet\u00e9 au vote final.<\/p>\n<p> \/ATS<\/p>\n","protected":false},"excerpt":{"rendered":"L&rsquo;accord avec le Mercosur est soutenu en commission des Etats, trois mois apr\u00e8s que le National l&rsquo;a rejet\u00e9&hellip;\n","protected":false},"author":2,"featured_media":291877,"comment_status":"","ping_status":"","sticky":false,"template":"","format":"standard","meta":{"footnotes":"","_share_on_mastodon":"0"},"categories":[6],"tags":[121,124,128,45,119,44,43,122,123,118,136,132,131,133,130,135,120,126,117,125,114,115,116,23,129,127,134],"class_list":["post-291876","post","type-post","status-publish","format-standard","has-post-thumbnail","category-economie","tag-ajoie","tag-animation","tag-bienne","tag-business","tag-delemont","tag-economie","tag-economy","tag-franches-montagnes","tag-frequence","tag-jura","tag-jura-bernois","tag-la-chaux-de-fonds","tag-moutier","tag-neuchatel","tag-neuveville","tag-payerne","tag-porrentruy","tag-publicite","tag-radio","tag-redaction","tag-rfj","tag-rjb","tag-rtn","tag-suisse","tag-tavannes","tag-vallon-de-st-imier","tag-yverdon"],"share_on_mastodon":{"url":"https:\/\/pubeurope.com\/@ch_fr\/117213867989309279","error":""},"_links":{"self":[{"href":"https:\/\/www.europesays.com\/ch-fr\/wp-json\/wp\/v2\/posts\/291876","targetHints":{"allow":["GET"]}}],"collection":[{"href":"https:\/\/www.europesays.com\/ch-fr\/wp-json\/wp\/v2\/posts"}],"about":[{"href":"https:\/\/www.europesays.com\/ch-fr\/wp-json\/wp\/v2\/types\/post"}],"author":[{"embeddable":true,"href":"https:\/\/www.europesays.com\/ch-fr\/wp-json\/wp\/v2\/users\/2"}],"replies":[{"embeddable":true,"href":"https:\/\/www.europesays.com\/ch-fr\/wp-json\/wp\/v2\/comments?post=291876"}],"version-history":[{"count":0,"href":"https:\/\/www.europesays.com\/ch-fr\/wp-json\/wp\/v2\/posts\/291876\/revisions"}],"wp:featuredmedia":[{"embeddable":true,"href":"https:\/\/www.europesays.com\/ch-fr\/wp-json\/wp\/v2\/media\/291877"}],"wp:attachment":[{"href":"https:\/\/www.europesays.com\/ch-fr\/wp-json\/wp\/v2\/media?parent=291876"}],"wp:term":[{"taxonomy":"category","embeddable":true,"href":"https:\/\/www.europesays.com\/ch-fr\/wp-json\/wp\/v2\/categories?post=291876"},{"taxonomy":"post_tag","embeddable":true,"href":"https:\/\/www.europesays.com\/ch-fr\/wp-json\/wp\/v2\/tags?post=291876"}],"curies":[{"name":"wp","href":"https:\/\/api.w.org\/{rel}","templated":true}]}}