{"id":291884,"date":"2026-09-04T17:13:10","date_gmt":"2026-09-04T17:13:10","guid":{"rendered":"https:\/\/www.europesays.com\/ch-fr\/291884\/"},"modified":"2026-09-04T17:13:10","modified_gmt":"2026-09-04T17:13:10","slug":"raffa-guido-annonce-une-residence-a-laudio-club-de-geneve","status":"publish","type":"post","link":"https:\/\/www.europesays.com\/ch-fr\/291884\/","title":{"rendered":"Raffa Guido annonce une r\u00e9sidence \u00e0 l&rsquo;Audio Club de Gen\u00e8ve"},"content":{"rendered":"<p><img loading=\"lazy\" decoding=\"async\" src=\"https:\/\/www.europesays.com\/ch-fr\/wp-content\/uploads\/2026\/09\/87945781-28af-4167-88c2-311cce1d542d.png\" alt=\"Raffa Guido est l'une des t\u00eates d'affiche du festival \u00abDAY AND NIGHT\u00bb qui a lieu \u00e0 l'Audio Club de Gen\u00e8ve, le 5 septembre 2026.\" title=\"Raffa Guido est l'une des t\u00eates d'affiche du festival \u00abDAY AND NIGHT\u00bb qui a lieu \u00e0 l'Audio Club de Gen\u00e8ve, le 5 septembre 2026.\"  width=\"1200\" height=\"918\"\/>Raffa Guido est l&rsquo;une des t\u00eates d&rsquo;affiche du festival \u00abDAY AND NIGHT\u00bb qui a lieu \u00e0 l&rsquo;Audio Club de Gen\u00e8ve, le 5 septembre 2026.DR<\/p>\n<p type=\"textBlockArray\" class=\"sc-96fb0400-2 bwOXSg\">Samedi 5 septembre, l&rsquo;Audio Club de Gen\u00e8ve accueille la deuxi\u00e8me \u00e9dition de son festival \u00abDAY AND NIGHT\u00bb: vingt heures de musique, trois sc\u00e8nes, quinze artistes et un line-up qui m\u00eale g\u00e9n\u00e9rations et esth\u00e9tiques \u00e9lectroniques. Parmi Patrick Mason, Agoria et Breakbot, un nom r\u00e9sonne avec une saveur toute particuli\u00e8re \u00e0 Gen\u00e8ve: Raffa Guido.<\/p>\n<p type=\"textBlockArray\" class=\"sc-96fb0400-2 bwOXSg\">\u00c0 27 ans, le DJ local (\u00e0 la renomm\u00e9e mondiale) pose un jalon. \u00abJe mixe l\u00e0-bas pour la premi\u00e8re fois samedi soir. C&rsquo;est l&rsquo;un de ces endroits o\u00f9 je me suis toujours imagin\u00e9 jouer.\u00bb Dans la foul\u00e9e, l&rsquo;artiste annonce une r\u00e9sidence au club, faite de rendez-vous rares. \u00abOn veut garder cet esprit: quand je viens, il faut que ce soit exclusif, que j&rsquo;apporte un univers musical diff\u00e9rent.\u00bb<\/p>\n<p type=\"textBlockArray\" class=\"sc-96fb0400-2 bwOXSg\">Pour Raffa Guido, l&rsquo;Audio est bien plus qu&rsquo;un club. C&rsquo;est le lieu qui l&rsquo;a fait basculer dans la culture \u00e9lectronique genevoise. \u00abQuand j&rsquo;ai eu l&rsquo;\u00e2ge de sortir, la premi\u00e8re chose que j&rsquo;ai faite, c&rsquo;est aller voir Luciano \u00e0 l&rsquo;Audio. Je m&rsquo;en souviendrai toute ma vie.\u00bb Luciano, figure suisse de la house minimale et mentor revendiqu\u00e9, lui a montr\u00e9 la voie. \u00c0 une \u00e9poque o\u00f9 il ne voyageait qu&rsquo;en Italie ou en Espagne, pays d&rsquo;origine de ses parents, l&rsquo;Audio est devenu sa fen\u00eatre sur un autre monde. \u00abJe n&rsquo;avais pas les moyens d&rsquo;aller d\u00e9couvrir d&rsquo;autres sc\u00e8nes. C&rsquo;\u00e9tait ma mani\u00e8re de sortir et de d\u00e9couvrir vraiment la musique.\u00bb Il y d\u00e9couvre des programmations pointues. \u00abC&rsquo;\u00e9tait un peu le QG.\u00bb Aujourd&rsquo;hui, son nom rejoint l&rsquo;affiche. \u00abL&rsquo;Audio, c&rsquo;est l&rsquo;essence m\u00eame de cette musique qui m&rsquo;a parl\u00e9 depuis que j&rsquo;\u00e9tais gamin.\u00bb<\/p>\n<p class=\"sc-d91866bb-4 bFMTkB\">\u00abJe veux m\u00e9langer les cultures, apporter mon univers, pas seulement celui avec lequel j&rsquo;ai \u00e9t\u00e9 connu\u00bb<\/p>\n<p>Raffa Guido, DJ<\/p>\n<p type=\"textBlockArray\" class=\"sc-96fb0400-2 bwOXSg\">Cette musique, Raffa Guido veut d\u00e9sormais l&rsquo;assumer sans filtre. Son tube \u00abFamax\u00bb, qui d\u00e9passe les 100 millions de streams sur Spotify, lui a offert une visibilit\u00e9 internationale et une place de choix dans l&rsquo;afro house. Mais le succ\u00e8s a aussi eu son revers: celui de l&rsquo;\u00e9tiquette qui colle \u00e0 la peau. \u00abApr\u00e8s un hit, les labels attendent que tout suive derri\u00e8re. Ils veulent que je refasse la m\u00eame chose que \u00abFamax\u00bb. Sauf que refaire la m\u00eame chose, c&rsquo;est impossible.\u00bb Le producteur ne renie pas les percussions, les grooves afro et les couleurs latines qui irriguent ses sets. Mais son horizon est plus large. \u00abMa vraie \u00e2me, c&rsquo;est la house music, la vibe underground d&rsquo;Ibiza des ann\u00e9es 2000. Je veux m\u00e9langer les cultures, apporter mon univers, pas seulement celui avec lequel j&rsquo;ai \u00e9t\u00e9 connu.\u00bb<\/p>\n<p type=\"textBlockArray\" class=\"sc-96fb0400-2 bwOXSg\">Cette ind\u00e9pendance aura bient\u00f4t un nom: LAFAMA Records. Le label doit lui permettre de sortir sa musique selon ses propres r\u00e8gles, d&rsquo;ici la fin de l&rsquo;ann\u00e9e ou d\u00e9but 2027, peut-\u00eatre avec un EP exclusif. \u00abUn label devrait \u00eatre une maison o\u00f9 tu am\u00e8nes ta musique sans r\u00e9fl\u00e9chir, parce que tu l&rsquo;aimes. Aujourd&rsquo;hui, j&rsquo;ai parfois l&rsquo;impression qu&rsquo;on te donne un cahier des charges. \u00c7a bloque la cr\u00e9ativit\u00e9.\u00bb <a href=\"https:\/\/www.20min.ch\/fr\/story\/artiste-suisse-raffa-guido-j-ai-envie-de-reveiller-geneve-103551447\" rel=\"nofollow noopener\" target=\"_blank\">LAFAMA, ce n&rsquo;est pas qu&rsquo;un label: c&rsquo;est aussi une soir\u00e9e.<\/a> Le 30 avril, il a d\u00e9j\u00e0 donn\u00e9 corps \u00e0 ce projet aux Halles de l&rsquo;\u00cele. \u00abJ&rsquo;ai toujours voulu cr\u00e9er un univers autour de ma musique, quelque chose de familial. \u00abLAFAMA\u00bb, \u00e7a vient de \u00abFamax\u00bb, mais \u00e7a sonne comme \u00abla famille\u00bb.\u00bb \u00c0 l&rsquo;Audio, sa r\u00e9sidence devrait prolonger cette id\u00e9e: des soir\u00e9es, une communaut\u00e9, du merch, des invit\u00e9s et une identit\u00e9 capable de faire rayonner Gen\u00e8ve autrement. \u00abMon objectif, c&rsquo;est toujours de renforcer Gen\u00e8ve, d&rsquo;amener quelque chose de nouveau \u00e0 la ville.\u00bb<\/p>\n<p>Il ouvre pour DJ Snake \u00e0 Ibiza<\/p>\n<p type=\"textBlockArray\" class=\"sc-96fb0400-2 bwOXSg\">L&rsquo;\u00e9t\u00e9 a fini de lui donner l&rsquo;\u00e9lan n\u00e9cessaire. Le Romand en a pass\u00e9 les trois quarts \u00e0 Ibiza, entre travail en studio et sc\u00e8nes. L&rsquo;un de ses moments les plus forts? Son invitation \u00e0 jouer juste avant DJ Snake et J Balvin \u00e0 l&rsquo;Ushua\u00efa. \u00abJ&rsquo;\u00e9tais chez le coiffeur quand le management de DJ Snake m&rsquo;a contact\u00e9: \u00abTu es disponible dimanche?\u00bb Je me suis retrouv\u00e9 \u00e0 ouvrir sa r\u00e9sidence \u00e0 Ibiza. C&rsquo;\u00e9tait incroyable.\u00bb Avec DJ Snake, les \u00e9changes sur Instagram duraient depuis des ann\u00e9es. Raffa Guido admire chez lui \u00abquelqu&rsquo;un de tr\u00e8s ouvert, qui m\u00e9lange les cultures et ne s&rsquo;enferme dans aucun style\u00bb. Apr\u00e8s le show, les artistes ont poursuivi la soir\u00e9e ensemble en loge. \u00abC&rsquo;est un mec super sympa, humble, avec tout le succ\u00e8s qu&rsquo;il a.\u00bb Une future collaboration? Rien n&rsquo;est act\u00e9.<\/p>\n<p type=\"textBlockArray\" class=\"sc-96fb0400-2 bwOXSg\">Pour la suite, Raffa Guido ne formule pas un v\u0153u de gloire. Il demande: \u00abSouhaitez-moi d&rsquo;\u00eatre le plus libre possible dans ma musique.\u00bb Libre de quitter les cases, de garder les percussions mais de les emmener ailleurs, de faire de la house, de l&rsquo;afro, du latin ou autre chose encore. Libre, surtout, de transformer le succ\u00e8s de \u00abFamax\u00bb en point de d\u00e9part plut\u00f4t qu&rsquo;en plafond. Samedi, \u00e0 l&rsquo;Audio, le DJ genevois jouera une date de prestige et lancera un chapitre qui lui ressemble davantage.<\/p>\n<p><a href=\"http:\/\/www.20min.ch\/fr\/auteurs\/23778921\/fabio-dell&#039;anna\" rel=\"nofollow noopener\" target=\"_blank\"><img decoding=\"async\" alt=\"Fabio Dell'Anna\" src=\"https:\/\/www.europesays.com\/ch-fr\/wp-content\/uploads\/2026\/09\/1788541990_310_14f4897a-e433-4733-9422-66f4f03146ae.jpeg\" class=\"sc-4c39d813-1 hkoNGh\"\/><\/a><\/p>\n<p class=\"sc-f19a47c0-1 jKqFcj\">Fabio Dell&rsquo;Anna (fda) est journaliste au sein de l&rsquo;\u00e9quipe nationale de 20 Minutes, \u00e0 la rubrique People, depuis janvier 2026. Son domaine de pr\u00e9dilection est la musique.<\/p>\n","protected":false},"excerpt":{"rendered":"Raffa Guido est l&rsquo;une des t\u00eates d&rsquo;affiche du festival \u00abDAY AND NIGHT\u00bb qui a lieu \u00e0 l&rsquo;Audio Club&hellip;\n","protected":false},"author":2,"featured_media":291885,"comment_status":"","ping_status":"","sticky":false,"template":"","format":"standard","meta":{"footnotes":"","_share_on_mastodon":"0"},"categories":[17],"tags":[170,169,23],"class_list":["post-291884","post","type-post","status-publish","format-standard","has-post-thumbnail","category-geneve","tag-geneva","tag-geneve","tag-suisse"],"share_on_mastodon":{"url":"https:\/\/pubeurope.com\/@ch_fr\/117213896055885844","error":""},"_links":{"self":[{"href":"https:\/\/www.europesays.com\/ch-fr\/wp-json\/wp\/v2\/posts\/291884","targetHints":{"allow":["GET"]}}],"collection":[{"href":"https:\/\/www.europesays.com\/ch-fr\/wp-json\/wp\/v2\/posts"}],"about":[{"href":"https:\/\/www.europesays.com\/ch-fr\/wp-json\/wp\/v2\/types\/post"}],"author":[{"embeddable":true,"href":"https:\/\/www.europesays.com\/ch-fr\/wp-json\/wp\/v2\/users\/2"}],"replies":[{"embeddable":true,"href":"https:\/\/www.europesays.com\/ch-fr\/wp-json\/wp\/v2\/comments?post=291884"}],"version-history":[{"count":0,"href":"https:\/\/www.europesays.com\/ch-fr\/wp-json\/wp\/v2\/posts\/291884\/revisions"}],"wp:featuredmedia":[{"embeddable":true,"href":"https:\/\/www.europesays.com\/ch-fr\/wp-json\/wp\/v2\/media\/291885"}],"wp:attachment":[{"href":"https:\/\/www.europesays.com\/ch-fr\/wp-json\/wp\/v2\/media?parent=291884"}],"wp:term":[{"taxonomy":"category","embeddable":true,"href":"https:\/\/www.europesays.com\/ch-fr\/wp-json\/wp\/v2\/categories?post=291884"},{"taxonomy":"post_tag","embeddable":true,"href":"https:\/\/www.europesays.com\/ch-fr\/wp-json\/wp\/v2\/tags?post=291884"}],"curies":[{"name":"wp","href":"https:\/\/api.w.org\/{rel}","templated":true}]}}